{"id":21438,"date":"2010-01-08T15:43:54","date_gmt":"2010-01-08T19:43:54","guid":{"rendered":"http:\/\/www.redenoticia.com.br\/noticia\/?p=21438"},"modified":"2010-01-08T15:44:36","modified_gmt":"2010-01-08T19:44:36","slug":"previsao-de-muita-chuva-no-sul-de-sao-paulo-segundo-a-climatempo","status":"publish","type":"post","link":"https:\/\/migracao.redenoticia.com.br\/noticia\/2010\/previsao-de-muita-chuva-no-sul-de-sao-paulo-segundo-a-climatempo\/21438","title":{"rendered":"Previs\u00e3o de muita chuva no sul de S\u00e3o Paulo, segundo a Climatempo"},"content":{"rendered":"<p><strong><em><img loading=\"lazy\" decoding=\"async\" class=\"alignleft size-full wp-image-19270\" title=\"climatempo\" src=\"https:\/\/migracao.redenoticia.com.br\/noticia\/imagens\/climatempo2.jpg\" alt=\"\" width=\"300\" height=\"193\" srcset=\"https:\/\/migracao.redenoticia.com.br\/noticia\/imagens\/climatempo2.jpg 300w, https:\/\/migracao.redenoticia.com.br\/noticia\/imagens\/climatempo2-250x160.jpg 250w, https:\/\/migracao.redenoticia.com.br\/noticia\/imagens\/climatempo2-150x96.jpg 150w\" sizes=\"auto, (max-width: 300px) 100vw, 300px\" \/>Climatempo<\/em><\/strong> Meteorologia &#8211; Chove no sul de S\u00e3o Paulo desde o meio da tarde de ontem. A chuva cai forte em Barra do Turvo, regi\u00e3o do Vale do Ribeira. Nas \u00faltimas medi\u00e7\u00f5es do Instituto Nacional de Meteorologia, o volume acumulado no per\u00edodo entre 15h do dia 7 at\u00e9 10h desta sexta-feira chegava a quase 59 mil\u00edmetros. O acumulado em 24 horas estava em torno de 72 mil\u00edmetros.<\/p>\n<p>Segundo a meteorologista da Climatempo, Jos\u00e9lia Pegorim, a regi\u00e3o do Vale do Ribeira poder\u00e1 ter grandes problemas durante o fim de semana, devido a continuidade da chuva. Segundo informa\u00e7\u00f5es da ANA &#8211; Ag\u00eancia Nacional das \u00c1guas, na manh\u00e3 desta sexta-feira, o n\u00edvel do Rio Ribeira do Iguape, na altura Juqui\u00e1, estava com n\u00edvel acima do normal e vinha mantendo esta tend\u00eancia.<\/p>\n<p>No fim de semana, uma frente fria se afasta devagar do litoral paulista, mas os ventos de uma massa de ar mais seco que avan\u00e7a sobre o Sudeste do Brasil v\u00e3o for\u00e7ar a intensifica\u00e7\u00e3o das \u00e1reas de chuva sobre o sul de S\u00e3o Paulo e tamb\u00e9m sobre o Paran\u00e1 e Santa Catarina. Os volumes de chuva acumulados nas pr\u00f3ximas 48 horas deve superar os 100 mil\u00edmetros em v\u00e1rias regi\u00f5es do sul de S\u00e3o Paulo, inclusive no vale do Ribeira, ocasionando a eleva\u00e7\u00e3o dos rios. \u00c9 poss\u00edvel que haja transbordamento, alerta Pegorim.<\/p>\n<p>A Grande Curitiba, o litoral do Paran\u00e1, o vale do Itaja\u00ed e o litoral de Santa Catarina tamb\u00e9m poder\u00e3o ter problemas no fim de semana, por conta da grande quantidade de chuva durante o fim de semana.<\/p>\n<p>Sobre o Grupo Climatempo<\/p>\n<p>O Grupo Climatempo \u00e9 a maior empresa privada de meteorologia do pa\u00eds. Fornece, atualmente, conte\u00fado para mais de 50 retransmissoras nacionais de televis\u00e3o, para r\u00e1dios de todo o Brasil e para os principais portais. Com cerca de 1.100 clientes, a empresa atua principalmente em dois segmentos: o de agroneg\u00f3cios e o de meios de comunica\u00e7\u00e3o. Oferece tamb\u00e9m conte\u00fado meteorol\u00f3gico estrat\u00e9gico para empresas de moda e varejo, energia el\u00e9trica, constru\u00e7\u00e3o civil, transporte e log\u00edstica, al\u00e9m de bancos, seguradoras e ind\u00fastrias farmac\u00eautica e de alimentos. O Grupo \u00e9 presidido pelo meteorologista Carlos Magno que, com mais de 23 anos de carreira, foi um dos primeiros comunicadores da profiss\u00e3o no Pa\u00eds.<\/p>\n","protected":false},"excerpt":{"rendered":"<p>Climatempo Meteorologia &#8211; Chove no sul de S\u00e3o Paulo desde o meio da tarde de ontem. A chuva cai forte em Barra do Turvo, regi\u00e3o do Vale do Ribeira. Nas \u00faltimas medi\u00e7\u00f5es do Instituto Nacional de Meteorologia, o volume acumulado no per\u00edodo entre 15h do dia 7 at\u00e9 10h desta sexta-feira chegava a quase 59 [&hellip;]<\/p>\n","protected":false},"author":3,"featured_media":0,"comment_status":"open","ping_status":"open","sticky":false,"template":"","format":"standard","meta":{"tdm_status":"","tdm_grid_status":"","footnotes":""},"categories":[22,327],"tags":[],"class_list":{"0":"post-21438","1":"post","2":"type-post","3":"status-publish","4":"format-standard","6":"category-brasil","7":"category-clima"},"_links":{"self":[{"href":"https:\/\/migracao.redenoticia.com.br\/noticia\/wp-json\/wp\/v2\/posts\/21438","targetHints":{"allow":["GET"]}}],"collection":[{"href":"https:\/\/migracao.redenoticia.com.br\/noticia\/wp-json\/wp\/v2\/posts"}],"about":[{"href":"https:\/\/migracao.redenoticia.com.br\/noticia\/wp-json\/wp\/v2\/types\/post"}],"author":[{"embeddable":true,"href":"https:\/\/migracao.redenoticia.com.br\/noticia\/wp-json\/wp\/v2\/users\/3"}],"replies":[{"embeddable":true,"href":"https:\/\/migracao.redenoticia.com.br\/noticia\/wp-json\/wp\/v2\/comments?post=21438"}],"version-history":[{"count":0,"href":"https:\/\/migracao.redenoticia.com.br\/noticia\/wp-json\/wp\/v2\/posts\/21438\/revisions"}],"wp:attachment":[{"href":"https:\/\/migracao.redenoticia.com.br\/noticia\/wp-json\/wp\/v2\/media?parent=21438"}],"wp:term":[{"taxonomy":"category","embeddable":true,"href":"https:\/\/migracao.redenoticia.com.br\/noticia\/wp-json\/wp\/v2\/categories?post=21438"},{"taxonomy":"post_tag","embeddable":true,"href":"https:\/\/migracao.redenoticia.com.br\/noticia\/wp-json\/wp\/v2\/tags?post=21438"}],"curies":[{"name":"wp","href":"https:\/\/api.w.org\/{rel}","templated":true}]}}