{"id":214456,"date":"2022-01-06T11:30:22","date_gmt":"2022-01-06T14:30:22","guid":{"rendered":"https:\/\/www.redenoticia.com.br\/noticia\/?p=214456"},"modified":"2022-01-06T11:30:22","modified_gmt":"2022-01-06T14:30:22","slug":"resumo-um-lugar-ao-sol-07-01-santiago-propoe-que-barbara-atue-como-estagiaria-na-redentor","status":"publish","type":"post","link":"https:\/\/migracao.redenoticia.com.br\/noticia\/2022\/resumo-um-lugar-ao-sol-07-01-santiago-propoe-que-barbara-atue-como-estagiaria-na-redentor\/214456","title":{"rendered":"Resumo &#8220;Um Lugar ao Sol&#8221; 07\/01: Santiago prop\u00f5e que B\u00e1rbara atue como estagi\u00e1ria na Redentor"},"content":{"rendered":"<p><img loading=\"lazy\" decoding=\"async\" class=\"aligncenter size-full wp-image-212131\" src=\"https:\/\/migracao.redenoticia.com.br\/noticia\/imagens\/um-lugar-ao-sol-resumo-novela-globo-personagens-caua.jpg\" alt=\"\" width=\"1280\" height=\"720\" srcset=\"https:\/\/migracao.redenoticia.com.br\/noticia\/imagens\/um-lugar-ao-sol-resumo-novela-globo-personagens-caua.jpg 1280w, https:\/\/migracao.redenoticia.com.br\/noticia\/imagens\/um-lugar-ao-sol-resumo-novela-globo-personagens-caua-250x140.jpg 250w, https:\/\/migracao.redenoticia.com.br\/noticia\/imagens\/um-lugar-ao-sol-resumo-novela-globo-personagens-caua-400x225.jpg 400w, https:\/\/migracao.redenoticia.com.br\/noticia\/imagens\/um-lugar-ao-sol-resumo-novela-globo-personagens-caua-768x432.jpg 768w, https:\/\/migracao.redenoticia.com.br\/noticia\/imagens\/um-lugar-ao-sol-resumo-novela-globo-personagens-caua-150x85.jpg 150w\" sizes=\"auto, (max-width: 1280px) 100vw, 1280px\" \/><\/p>\n<p><strong><em>Resumo da novela &#8220;Um Lugar ao Sol&#8221;<\/em><\/strong> em 07\/01: no cap\u00edtulo 053(*) da novela, Ilana e Breno discutem e decidem que Gabriela n\u00e3o ser\u00e1 mais a m\u00e9dica do casal. Breno aceita se passar por pai de Cec\u00edlia para ajudar a mo\u00e7a a alugar um apartamento.<\/p>\n<p>Rebeca fica atordoada ao perceber que foi fotografada com Felipe por um paparazzo. Santiago prop\u00f5e que B\u00e1rbara atue como estagi\u00e1ria na Redentor, acompanhando o projeto social que Christian\/Renato implementou no restaurante de Noca. Julia escuta a conversa de duas amigas falando mal de sua atua\u00e7\u00e3o como cantora. Christian\/Renato vai atr\u00e1s de B\u00e1rbara ao saber que a mulher foi para o restaurante de Noca.<\/p>\n<p>(*) edi\u00e7\u00e3o das novelas da Globo, &#8220;Um Lugar ao Sol&#8221;, sujeito a altera\u00e7\u00e3o de data e conte\u00fado.<\/p>\n<p>Sinopse &#8220;Um Lugar ao Sol&#8221;: Christian assume a personalidade e o comportamento do irm\u00e3o morto. Decidido a deixar o passado para tr\u00e1s, assume a identidade de Renato, tendo Ravi como \u00fanico confidente. Ele v\u00ea seu grande amor, Lara, enterrar o corpo que supostamente seria seu e segue rumo a uma nova vida, tendo que lidar com as consequ\u00eancias de sua escolha.<\/p>\n","protected":false},"excerpt":{"rendered":"<p>Resumo da novela &#8220;Um Lugar ao Sol&#8221; em 07\/01: no cap\u00edtulo 053(*) da novela, Ilana e Breno discutem e decidem que Gabriela n\u00e3o ser\u00e1 mais a m\u00e9dica do casal. Breno aceita se passar por pai de Cec\u00edlia para ajudar a mo\u00e7a a alugar um apartamento. Rebeca fica atordoada ao perceber que foi fotografada com Felipe [&hellip;]<\/p>\n","protected":false},"author":4,"featured_media":212132,"comment_status":"closed","ping_status":"closed","sticky":false,"template":"","format":"standard","meta":{"tdm_status":"","tdm_grid_status":"","footnotes":""},"categories":[375,2025,343,2223],"tags":[441],"class_list":{"0":"post-214456","1":"post","2":"type-post","3":"status-publish","4":"format-standard","5":"has-post-thumbnail","7":"category-rede-globo","8":"category-resumo","9":"category-televisao","10":"category-um-lugar-ao-sol","11":"tag-resumo-do-dia"},"_links":{"self":[{"href":"https:\/\/migracao.redenoticia.com.br\/noticia\/wp-json\/wp\/v2\/posts\/214456","targetHints":{"allow":["GET"]}}],"collection":[{"href":"https:\/\/migracao.redenoticia.com.br\/noticia\/wp-json\/wp\/v2\/posts"}],"about":[{"href":"https:\/\/migracao.redenoticia.com.br\/noticia\/wp-json\/wp\/v2\/types\/post"}],"author":[{"embeddable":true,"href":"https:\/\/migracao.redenoticia.com.br\/noticia\/wp-json\/wp\/v2\/users\/4"}],"replies":[{"embeddable":true,"href":"https:\/\/migracao.redenoticia.com.br\/noticia\/wp-json\/wp\/v2\/comments?post=214456"}],"version-history":[{"count":0,"href":"https:\/\/migracao.redenoticia.com.br\/noticia\/wp-json\/wp\/v2\/posts\/214456\/revisions"}],"wp:featuredmedia":[{"embeddable":true,"href":"https:\/\/migracao.redenoticia.com.br\/noticia\/wp-json\/wp\/v2\/media\/212132"}],"wp:attachment":[{"href":"https:\/\/migracao.redenoticia.com.br\/noticia\/wp-json\/wp\/v2\/media?parent=214456"}],"wp:term":[{"taxonomy":"category","embeddable":true,"href":"https:\/\/migracao.redenoticia.com.br\/noticia\/wp-json\/wp\/v2\/categories?post=214456"},{"taxonomy":"post_tag","embeddable":true,"href":"https:\/\/migracao.redenoticia.com.br\/noticia\/wp-json\/wp\/v2\/tags?post=214456"}],"curies":[{"name":"wp","href":"https:\/\/api.w.org\/{rel}","templated":true}]}}