{"id":214486,"date":"2022-01-07T15:08:20","date_gmt":"2022-01-07T18:08:20","guid":{"rendered":"https:\/\/www.redenoticia.com.br\/noticia\/?p=214486"},"modified":"2022-01-07T15:08:20","modified_gmt":"2022-01-07T18:08:20","slug":"resumo-quanto-mais-vida-melhor-08-01-guilherme-ve-a-foto-de-nenem-e-rose-juntos","status":"publish","type":"post","link":"https:\/\/migracao.redenoticia.com.br\/noticia\/2022\/resumo-quanto-mais-vida-melhor-08-01-guilherme-ve-a-foto-de-nenem-e-rose-juntos\/214486","title":{"rendered":"Resumo \u201cQuanto Mais Vida, Melhor\u201d 08\/01: Guilherme v\u00ea a foto de Nen\u00e9m e Rose juntos"},"content":{"rendered":"<p><img loading=\"lazy\" decoding=\"async\" src=\"https:\/\/migracao.redenoticia.com.br\/noticia\/imagens\/quanto-mais-vida-melhor-globo-novela-resumo-elenco-personagens.jpeg\" alt=\"\" width=\"1280\" height=\"720\" class=\"aligncenter size-full wp-image-212546\" srcset=\"https:\/\/migracao.redenoticia.com.br\/noticia\/imagens\/quanto-mais-vida-melhor-globo-novela-resumo-elenco-personagens.jpeg 1280w, https:\/\/migracao.redenoticia.com.br\/noticia\/imagens\/quanto-mais-vida-melhor-globo-novela-resumo-elenco-personagens-250x140.jpeg 250w, https:\/\/migracao.redenoticia.com.br\/noticia\/imagens\/quanto-mais-vida-melhor-globo-novela-resumo-elenco-personagens-400x225.jpeg 400w, https:\/\/migracao.redenoticia.com.br\/noticia\/imagens\/quanto-mais-vida-melhor-globo-novela-resumo-elenco-personagens-768x432.jpeg 768w, https:\/\/migracao.redenoticia.com.br\/noticia\/imagens\/quanto-mais-vida-melhor-globo-novela-resumo-elenco-personagens-150x85.jpeg 150w\" sizes=\"auto, (max-width: 1280px) 100vw, 1280px\" \/><\/p>\n<p><em><strong>Resumo da novela \u201cQuanto Mais Vida, Melhor\u201d<\/strong><\/em> em 08\/01: no cap\u00edtulo 042(*) da novela, Paula convence Nen\u00e9m a voltar para casa com ela. Fl\u00e1via descobre que Odete conheceu sua m\u00e3e. Carmem pensa em sabotar a nova linha de cosm\u00e9ticos de Paula. Tigr\u00e3o tenta convencer Tina a se entender com Nen\u00e9m. Celina coloca a foto de Rose e Nen\u00e9m na pasta de documentos do projeto de Joana e a entrega para Guilherme.<\/p>\n<p>Paula agradece os conselhos de Fl\u00e1via. Rose pega a pasta para ver o dossi\u00ea, mas Guilherme n\u00e3o deixa. Ingrid pensa em Murilo. Nen\u00e9m conta para Nedda o que Paula fez por ele. Celina v\u00ea a pasta de Joana com Rose e fica aflita. Fl\u00e1via \u00e9 destratada numa loja. Celina mente para Daniel. Tina n\u00e3o consegue perdoar Nen\u00e9m. Guilherme v\u00ea a foto de Nen\u00e9m e Rose juntos.<\/p>\n<p>(*) edi\u00e7\u00e3o das novelas da Globo, \u201cQuanto Mais Vida, Melhor\u201d, sujeito a altera\u00e7\u00e3o de data e conte\u00fado.<\/p>\n<p>Sinopse \u201cQuanto Mais Vida, Melhor\u201d: Ap\u00f3s morrerem em um acidente a\u00e9reo, Paula (Giovanna Antonelli), Nen\u00e9m (Vladimir Brichta), Fl\u00e1via (Valentina Herszage) e Guilherme (Mateus Solano) recebem uma segunda chance da Morte (Marcella Maia) sob uma condi\u00e7\u00e3o: devem consertar suas vidas e, ap\u00f3s um ano, apenas um deles morrer\u00e1 definitivamente.<\/p>\n<p>Escrita por Mauro Wilson, com colabora\u00e7\u00e3o de Marcelo Gon\u00e7alves, Mariana Torres e Rodrigo Salom\u00e3o, tem dire\u00e7\u00e3o de Ana Paula Guimar\u00e3es, Natalia Warth, Dayse Amaral e Bernardo S\u00e1, dire\u00e7\u00e3o geral de Pedro Brenelli e dire\u00e7\u00e3o art\u00edstica de Allan Fiterman.<\/p>\n","protected":false},"excerpt":{"rendered":"<p>Resumo da novela \u201cQuanto Mais Vida, Melhor\u201d em 08\/01: no cap\u00edtulo 042(*) da novela, Paula convence Nen\u00e9m a voltar para casa com ela. Fl\u00e1via descobre que Odete conheceu sua m\u00e3e. Carmem pensa em sabotar a nova linha de cosm\u00e9ticos de Paula. Tigr\u00e3o tenta convencer Tina a se entender com Nen\u00e9m. Celina coloca a foto de [&hellip;]<\/p>\n","protected":false},"author":4,"featured_media":212545,"comment_status":"closed","ping_status":"closed","sticky":false,"template":"","format":"standard","meta":{"tdm_status":"","tdm_grid_status":"","footnotes":""},"categories":[379,2226,375,2025,343],"tags":[441],"class_list":{"0":"post-214486","1":"post","2":"type-post","3":"status-publish","4":"format-standard","5":"has-post-thumbnail","7":"category-novelas","8":"category-quanto-mais-vida-melhor","9":"category-rede-globo","10":"category-resumo","11":"category-televisao","12":"tag-resumo-do-dia"},"_links":{"self":[{"href":"https:\/\/migracao.redenoticia.com.br\/noticia\/wp-json\/wp\/v2\/posts\/214486","targetHints":{"allow":["GET"]}}],"collection":[{"href":"https:\/\/migracao.redenoticia.com.br\/noticia\/wp-json\/wp\/v2\/posts"}],"about":[{"href":"https:\/\/migracao.redenoticia.com.br\/noticia\/wp-json\/wp\/v2\/types\/post"}],"author":[{"embeddable":true,"href":"https:\/\/migracao.redenoticia.com.br\/noticia\/wp-json\/wp\/v2\/users\/4"}],"replies":[{"embeddable":true,"href":"https:\/\/migracao.redenoticia.com.br\/noticia\/wp-json\/wp\/v2\/comments?post=214486"}],"version-history":[{"count":0,"href":"https:\/\/migracao.redenoticia.com.br\/noticia\/wp-json\/wp\/v2\/posts\/214486\/revisions"}],"wp:featuredmedia":[{"embeddable":true,"href":"https:\/\/migracao.redenoticia.com.br\/noticia\/wp-json\/wp\/v2\/media\/212545"}],"wp:attachment":[{"href":"https:\/\/migracao.redenoticia.com.br\/noticia\/wp-json\/wp\/v2\/media?parent=214486"}],"wp:term":[{"taxonomy":"category","embeddable":true,"href":"https:\/\/migracao.redenoticia.com.br\/noticia\/wp-json\/wp\/v2\/categories?post=214486"},{"taxonomy":"post_tag","embeddable":true,"href":"https:\/\/migracao.redenoticia.com.br\/noticia\/wp-json\/wp\/v2\/tags?post=214486"}],"curies":[{"name":"wp","href":"https:\/\/api.w.org\/{rel}","templated":true}]}}