{"id":214573,"date":"2022-01-10T12:08:23","date_gmt":"2022-01-10T15:08:23","guid":{"rendered":"https:\/\/www.redenoticia.com.br\/noticia\/?p=214573"},"modified":"2022-01-10T12:08:23","modified_gmt":"2022-01-10T15:08:23","slug":"resumo-carinha-de-anjo-11-01-cecilia-e-convidada-a-trabalhar-no-colegio","status":"publish","type":"post","link":"https:\/\/migracao.redenoticia.com.br\/noticia\/2022\/resumo-carinha-de-anjo-11-01-cecilia-e-convidada-a-trabalhar-no-colegio\/214573","title":{"rendered":"Resumo \u201cCarinha De Anjo\u201d 11\/01: Cec\u00edlia \u00e9 convidada a trabalhar no col\u00e9gio"},"content":{"rendered":"<p><img loading=\"lazy\" decoding=\"async\" class=\"aligncenter size-full wp-image-210452\" src=\"https:\/\/migracao.redenoticia.com.br\/noticia\/imagens\/carinha-de-anjo-novela-sbt-elenco-infantil.jpeg\" alt=\"\" width=\"1280\" height=\"720\" srcset=\"https:\/\/migracao.redenoticia.com.br\/noticia\/imagens\/carinha-de-anjo-novela-sbt-elenco-infantil.jpeg 1280w, https:\/\/migracao.redenoticia.com.br\/noticia\/imagens\/carinha-de-anjo-novela-sbt-elenco-infantil-250x140.jpeg 250w, https:\/\/migracao.redenoticia.com.br\/noticia\/imagens\/carinha-de-anjo-novela-sbt-elenco-infantil-400x225.jpeg 400w, https:\/\/migracao.redenoticia.com.br\/noticia\/imagens\/carinha-de-anjo-novela-sbt-elenco-infantil-768x432.jpeg 768w, https:\/\/migracao.redenoticia.com.br\/noticia\/imagens\/carinha-de-anjo-novela-sbt-elenco-infantil-150x85.jpeg 150w\" sizes=\"auto, (max-width: 1280px) 100vw, 1280px\" \/><\/p>\n<p><strong><em>Resumo da novela \u201cCarinha De Anjo\u201d<\/em><\/strong> em 11\/01: no cap\u00edtulo 083(*) da novela, Ver\u00f4nica conta para Crist\u00f3v\u00e3o que \u00e9 apaixonada por Gustavo. Cec\u00edlia visita Diana e as duas conversam sobre os \u00faltimos acontecimentos. Diana diz que ela precisa se ocupar e Cec\u00edlia conta da proposta de emprego que receber do doutor Andr\u00e9.<\/p>\n<p>No almo\u00e7o, Haydee vai vestida como se fosse uma garota. No\u00eamia chega ao local e pergunta se a m\u00e3e de Fl\u00e1vio est\u00e1 fantasiada. A empres\u00e1ria ainda presenteia a m\u00e3e de Fl\u00e1vio com um Xale. As duas discutem sobre quem \u00e9 mais velha. Adriana fica sabendo atrav\u00e9s da irm\u00e3 Luzia que talvez Dulce Maria n\u00e3o volte a andar. As amigas tentam animar a pequenina que chora com a not\u00edcia.<\/p>\n<p>Luciano diz para Frida que est\u00e1 planejando se vingar de Zeca e sua fam\u00edlia por ter sido castigado. Dulce Maria sonha com Teresa vestida de novi\u00e7a e recebe os conselhos da m\u00e3e. Frida pede para a m\u00e3e deix\u00e1-la ir visitar Dulce Maria. A m\u00e3e da garota explica que se ela fosse amiga da filha de Gustavo ajudaria os neg\u00f3cios entre os dois pais. Juju conta para Zeca que uma r\u00e1dio de S\u00e3o Paulo convidou ele para se apresentar.<\/p>\n<p>No consult\u00f3rio m\u00e9dico, Alessandra conversa com Cec\u00edlia e o doutor Andr\u00e9. Fabiana sugere para a Madre Superiora que Cec\u00edlia se torne a nova professora de portugu\u00eas do internato, assim como Diana \u00e9. A madre garante que ir\u00e1 pensar na situa\u00e7\u00e3o. A psic\u00f3loga conta que acredita que a pequenina n\u00e3o quer voltar andar, pois sabe que n\u00e3o vai encontr\u00e1-la no col\u00e9gio. No dia seguinte a psic\u00f3loga faz nova sess\u00e3o com Dulce Maria e diz que agora ela pode encontrar Cec\u00edlia fora do hor\u00e1rio de aula. A Madre Superiora e Fabiana v\u00e3o at\u00e9 a casa de F\u00e1tima e perguntam se ela aceita voltar ao col\u00e9gio para trabalhar como professora.<\/p>\n<p>(*) edi\u00e7\u00e3o das novelas do SBT, \u201cCarinha De Anjo\u201d, sujeito a altera\u00e7\u00e3o de data e conte\u00fado.<\/p>\n<p>Sinopse \u201cCarinha De Anjo\u201d: Dulce Maria \u00e9 uma menina doce, ingenua, inteligente e alegre de 5 anos de idade. \u00c9 brincalhona, aventureira e extremamente curiosa. Diverte a todos com seus coment\u00e1rios e perguntas indiscretas e surpreende com suas descobertas.<\/p>\n<p>Ela \u00e9 filha \u00fanica de Gustavo L\u00e1rios (Carlo Porto), bem-sucedido empres\u00e1rio da cafeicultura brasileira, e da mexicana Teresa Rezende L\u00e1rios (Lucero), m\u00e3e acolhedora de s\u00e1bios conselhos e voz ador\u00e1vel, que faleceu num acidente quando Dulce Maria tinha apenas 3 anos de idade. Traumatizado com a trag\u00e9dia, Gustavo deixou a filha no col\u00e9gio interno.<\/p>\n","protected":false},"excerpt":{"rendered":"<p>Resumo da novela \u201cCarinha De Anjo\u201d em 11\/01: no cap\u00edtulo 083(*) da novela, Ver\u00f4nica conta para Crist\u00f3v\u00e3o que \u00e9 apaixonada por Gustavo. Cec\u00edlia visita Diana e as duas conversam sobre os \u00faltimos acontecimentos. Diana diz que ela precisa se ocupar e Cec\u00edlia conta da proposta de emprego que receber do doutor Andr\u00e9. No almo\u00e7o, Haydee [&hellip;]<\/p>\n","protected":false},"author":4,"featured_media":210453,"comment_status":"closed","ping_status":"closed","sticky":false,"template":"","format":"standard","meta":{"tdm_status":"","tdm_grid_status":"","footnotes":""},"categories":[452,379,2025,372,343],"tags":[441],"class_list":{"0":"post-214573","1":"post","2":"type-post","3":"status-publish","4":"format-standard","5":"has-post-thumbnail","7":"category-carinha-de-anjo","8":"category-novelas","9":"category-resumo","10":"category-sbt","11":"category-televisao","12":"tag-resumo-do-dia"},"_links":{"self":[{"href":"https:\/\/migracao.redenoticia.com.br\/noticia\/wp-json\/wp\/v2\/posts\/214573","targetHints":{"allow":["GET"]}}],"collection":[{"href":"https:\/\/migracao.redenoticia.com.br\/noticia\/wp-json\/wp\/v2\/posts"}],"about":[{"href":"https:\/\/migracao.redenoticia.com.br\/noticia\/wp-json\/wp\/v2\/types\/post"}],"author":[{"embeddable":true,"href":"https:\/\/migracao.redenoticia.com.br\/noticia\/wp-json\/wp\/v2\/users\/4"}],"replies":[{"embeddable":true,"href":"https:\/\/migracao.redenoticia.com.br\/noticia\/wp-json\/wp\/v2\/comments?post=214573"}],"version-history":[{"count":0,"href":"https:\/\/migracao.redenoticia.com.br\/noticia\/wp-json\/wp\/v2\/posts\/214573\/revisions"}],"wp:featuredmedia":[{"embeddable":true,"href":"https:\/\/migracao.redenoticia.com.br\/noticia\/wp-json\/wp\/v2\/media\/210453"}],"wp:attachment":[{"href":"https:\/\/migracao.redenoticia.com.br\/noticia\/wp-json\/wp\/v2\/media?parent=214573"}],"wp:term":[{"taxonomy":"category","embeddable":true,"href":"https:\/\/migracao.redenoticia.com.br\/noticia\/wp-json\/wp\/v2\/categories?post=214573"},{"taxonomy":"post_tag","embeddable":true,"href":"https:\/\/migracao.redenoticia.com.br\/noticia\/wp-json\/wp\/v2\/tags?post=214573"}],"curies":[{"name":"wp","href":"https:\/\/api.w.org\/{rel}","templated":true}]}}