{"id":21464,"date":"2010-01-09T01:08:15","date_gmt":"2010-01-09T05:08:15","guid":{"rendered":"http:\/\/www.redenoticia.com.br\/noticia\/?p=21464"},"modified":"2010-01-11T22:12:31","modified_gmt":"2010-01-12T02:12:31","slug":"climatempo-atencao-para-chuvas-no-fim-de-semana-09-e-1101","status":"publish","type":"post","link":"https:\/\/migracao.redenoticia.com.br\/noticia\/2010\/climatempo-atencao-para-chuvas-no-fim-de-semana-09-e-1101\/21464","title":{"rendered":"Climatempo &#8211; aten\u00e7\u00e3o para chuvas no fim de semana (09 e 11\/01)"},"content":{"rendered":"<p><strong><em><img loading=\"lazy\" decoding=\"async\" class=\"alignleft size-full wp-image-19270\" title=\"climatempo\" src=\"https:\/\/migracao.redenoticia.com.br\/noticia\/imagens\/climatempo2.jpg\" alt=\"\" width=\"300\" height=\"193\" srcset=\"https:\/\/migracao.redenoticia.com.br\/noticia\/imagens\/climatempo2.jpg 300w, https:\/\/migracao.redenoticia.com.br\/noticia\/imagens\/climatempo2-250x160.jpg 250w, https:\/\/migracao.redenoticia.com.br\/noticia\/imagens\/climatempo2-150x96.jpg 150w\" sizes=\"auto, (max-width: 300px) 100vw, 300px\" \/>Climatempo<\/em><\/strong> Regi\u00e3o Sul &#8211; No s\u00e1bado, o c\u00e9u fica nublado e chove no decorrer do dia em grande parte do Paran\u00e1, no Vale do Itaja\u00ed e no litoral catarinense. H\u00e1 risco de chuva forte. No sul e no sudoeste do Paran\u00e1, nas demais \u00e1reas catarinenses e em grande parte do Rio Grande do Sul, chove no decorrer do dia, com alguns per\u00edodos de melhoria e aberturas de sol entre muitas nuvens. No sul e no centro-oeste ga\u00facho, o sol aparece com for\u00e7a e ocorrem pancadas de chuva a partir da tarde. No domingo, uma nova frente fria refor\u00e7a as \u00e1reas de instabilidade sobre a regi\u00e3o e deixa o c\u00e9u nublado com chuva a qualquer hora em grande parte do Paran\u00e1 e no nordeste e no leste de Santa Catarina. H\u00e1 risco de chuva forte. No Rio Grande do Sul, nas demais \u00e1reas de Santa Catarina e no sudoeste do Paran\u00e1, ocorrem pancadas de chuva, com alguns per\u00edodos de melhoria e aberturas de sol entre muitas nuvens.<br \/>\nClimatempo Regi\u00e3o Sudeste &#8211; No s\u00e1bado, o c\u00e9u fica nublado e com chuva no sul e no oeste paulista. Risco de chuva forte. N\u00e3o chove no Esp\u00edrito Santo, no Vale do Rio Doce e no norte do Rio. Nas demais \u00e1reas paulistas, no sul de Minas Gerais e no Tri\u00e2ngulo Mineiro chove no decorrer do dia com alguns per\u00edodos de melhoria e aberturas de sol entre muitas nuvens. O sol aparece durante grande parte do dia nas demais \u00e1reas de Minas e no Rio. \u00c0 tarde as nuvens aumentam e ocorrem pancadas isoladas de chuva. No domingo, c\u00e9u nublado e chuva no sul e no oeste paulista. N\u00e3o chove nos vales dos rios Doce e Jequitinhonha e no Esp\u00edrito Santo, no norte do Rio e na regi\u00e3o dos lagos. Nas demais \u00e1reas de Minas e do Rio, no Vale do Para\u00edba e no norte, no litoral norte e na capital de S\u00e3o Paulo, o sol aparece durante parte do dia e ocorrem pancadas isoladas de chuva a partir da tarde. Chove no decorrer do dia com alguns per\u00edodos de melhoria e aberturas de sol entre muitas nuvens nas demais \u00e1reas paulistas.<\/p>\n<p>Climatempo Regi\u00e3o Centro \u2013Oeste &#8211; No s\u00e1bado, o ar mais quente e \u00famido predomina sobre todas as \u00e1reas da Regi\u00e3o. Dia chuvoso no leste de Mato Grosso do Sul. Chove no decorrer do dia nas demais \u00e1reas. O risco de chuva forte \u00e9 elevado principalmente em Mato Grosso do Sul e no sul de Mato Grosso. No domingo, o sol aparece com for\u00e7a e ocorrem pancadas isoladas de chuva principalmente a partir da tarde em Goi\u00e1s e no leste de Mato Grosso. Nas demais \u00e1reas da Regi\u00e3o, ocorrem pancadas de chuva no decorrer do dia, com per\u00edodos de aberturas de sol. Pode chover forte em alguns munic\u00edpios.<\/p>\n<p>Climatempo Regi\u00e3o Nordeste &#8211; No s\u00e1bado, o sol aparece entre muitas nuvens e chove no decorrer do dia no litoral leste do Rio Grande do Norte e no litoral e na zona da mata de Alagoas, de Pernambuco e da Para\u00edba. No Maranh\u00e3o, no Piau\u00ed e no oeste da Bahia, chove a qualquer hora do dia, com alguns per\u00edodos de melhoria e aberturas de sol entre muitas nuvens. Nas demais \u00e1reas, o sol aparece com for\u00e7a e chove de forma r\u00e1pida. No domingo, o sol aparece durante boa parte do dia e chove de forma r\u00e1pida em grande parte da Bahia e no sul do Piau\u00ed e do Maranh\u00e3o. No norte e no nordeste baiano e nas demais \u00e1reas do Nordeste, muitas nuvens, per\u00edodos com sol e chuva.<\/p>\n<p>Climatempo Regi\u00e3o Norte &#8211; No s\u00e1bado, \u00e1reas de instabilidades tropicais provocam chuva no decorrer do dia, com alguns per\u00edodos de melhoria e aberturas de sol sempre entre muitas nuvens em Rond\u00f4nia, no Acre, no sul do Amazonas, no Amap\u00e1, no Tocantins e em grande parte do Par\u00e1. O sol aparece com for\u00e7a e o tempo fica firme em Roraima. No noroeste do Par\u00e1 e nas demais \u00e1reas da Regi\u00e3o, o sol brilha forte, o tempo fica abafado e ocorrem pancadas isoladas de chuva a partir da tarde. No domingo, o tempo fica firme, sem chuva em Roraima. Chove no decorrer do dia com per\u00edodos de melhoria e aberturas de sol entre muitas nuvens no Amap\u00e1, em grande parte do Par\u00e1, em Rond\u00f4nia, no Acre e no sul do Amazonas e no norte do Tocantins. No noroeste do Par\u00e1 e nas demais \u00e1reas, o sol aparece com for\u00e7a, a temperatura fica elevada e ocorrem pancadas isoladas de chuva a partir da tarde.<\/p>\n<p>Climatempo Meteorologia<\/p>\n","protected":false},"excerpt":{"rendered":"<p>Climatempo Regi\u00e3o Sul &#8211; No s\u00e1bado, o c\u00e9u fica nublado e chove no decorrer do dia em grande parte do Paran\u00e1, no Vale do Itaja\u00ed e no litoral catarinense. H\u00e1 risco de chuva forte. No sul e no sudoeste do Paran\u00e1, nas demais \u00e1reas catarinenses e em grande parte do Rio Grande do Sul, chove [&hellip;]<\/p>\n","protected":false},"author":3,"featured_media":0,"comment_status":"open","ping_status":"open","sticky":false,"template":"","format":"standard","meta":{"tdm_status":"","tdm_grid_status":"","footnotes":""},"categories":[22,327,376],"tags":[],"class_list":{"0":"post-21464","1":"post","2":"type-post","3":"status-publish","4":"format-standard","6":"category-brasil","7":"category-clima","8":"category-clima-brasil"},"_links":{"self":[{"href":"https:\/\/migracao.redenoticia.com.br\/noticia\/wp-json\/wp\/v2\/posts\/21464","targetHints":{"allow":["GET"]}}],"collection":[{"href":"https:\/\/migracao.redenoticia.com.br\/noticia\/wp-json\/wp\/v2\/posts"}],"about":[{"href":"https:\/\/migracao.redenoticia.com.br\/noticia\/wp-json\/wp\/v2\/types\/post"}],"author":[{"embeddable":true,"href":"https:\/\/migracao.redenoticia.com.br\/noticia\/wp-json\/wp\/v2\/users\/3"}],"replies":[{"embeddable":true,"href":"https:\/\/migracao.redenoticia.com.br\/noticia\/wp-json\/wp\/v2\/comments?post=21464"}],"version-history":[{"count":0,"href":"https:\/\/migracao.redenoticia.com.br\/noticia\/wp-json\/wp\/v2\/posts\/21464\/revisions"}],"wp:attachment":[{"href":"https:\/\/migracao.redenoticia.com.br\/noticia\/wp-json\/wp\/v2\/media?parent=21464"}],"wp:term":[{"taxonomy":"category","embeddable":true,"href":"https:\/\/migracao.redenoticia.com.br\/noticia\/wp-json\/wp\/v2\/categories?post=21464"},{"taxonomy":"post_tag","embeddable":true,"href":"https:\/\/migracao.redenoticia.com.br\/noticia\/wp-json\/wp\/v2\/tags?post=21464"}],"curies":[{"name":"wp","href":"https:\/\/api.w.org\/{rel}","templated":true}]}}