{"id":214663,"date":"2022-01-12T12:43:46","date_gmt":"2022-01-12T15:43:46","guid":{"rendered":"https:\/\/www.redenoticia.com.br\/noticia\/?p=214663"},"modified":"2022-01-12T12:43:46","modified_gmt":"2022-01-12T15:43:46","slug":"resumo-o-cravo-e-a-rosa-13-01-bianca-acaba-com-a-greve-de-fome","status":"publish","type":"post","link":"https:\/\/migracao.redenoticia.com.br\/noticia\/2022\/resumo-o-cravo-e-a-rosa-13-01-bianca-acaba-com-a-greve-de-fome\/214663","title":{"rendered":"Resumo &#8220;O Cravo e a Rosa&#8221; 13\/01: Bianca acaba com a greve de fome"},"content":{"rendered":"<p><img loading=\"lazy\" decoding=\"async\" src=\"https:\/\/migracao.redenoticia.com.br\/noticia\/imagens\/o-cravo-e-a-rosa-elenco-resumo-sinopse.jpeg\" alt=\"\" width=\"1280\" height=\"720\" class=\"aligncenter size-full wp-image-213217\" srcset=\"https:\/\/migracao.redenoticia.com.br\/noticia\/imagens\/o-cravo-e-a-rosa-elenco-resumo-sinopse.jpeg 1280w, https:\/\/migracao.redenoticia.com.br\/noticia\/imagens\/o-cravo-e-a-rosa-elenco-resumo-sinopse-250x140.jpeg 250w, https:\/\/migracao.redenoticia.com.br\/noticia\/imagens\/o-cravo-e-a-rosa-elenco-resumo-sinopse-400x225.jpeg 400w, https:\/\/migracao.redenoticia.com.br\/noticia\/imagens\/o-cravo-e-a-rosa-elenco-resumo-sinopse-768x432.jpeg 768w, https:\/\/migracao.redenoticia.com.br\/noticia\/imagens\/o-cravo-e-a-rosa-elenco-resumo-sinopse-150x85.jpeg 150w\" sizes=\"auto, (max-width: 1280px) 100vw, 1280px\" \/><\/p>\n<p><em><strong>Resumo da novela &#8220;O Cravo e a Rosa&#8221;<\/strong><\/em> em 13\/01: no cap\u00edtulo 029(*) da novela, Corn\u00e9lio confessa a Dalva o seu desejo de desaparecer com Josefa. Kiki agarra Petruchio. Catarina invade o quarto de Bianca com v\u00e1rias travessas de comida na m\u00e3o.<\/p>\n<p>Petruchio beija Kiki na frente da casa de Catarina. Catarina revida jogando um vaso na cabe\u00e7a de Petruchio. Berenice prop\u00f5e que os filhos de Joana continuem indo \u00e0s aulas com Catarina sem o pai saber. Edmundo sofre por causa de seu amor por Bianca.<\/p>\n<p>Dinor\u00e1 pede ajuda a Heitor para levar adiante o plano de Joaquim contra Petruchio. Lourdes come\u00e7a a pintar F\u00e1bio sem camisa. Bianca passa mal, e Dinor\u00e1 promete arranjar um m\u00e9dico. Petruchio aceita a encomenda do vigarista contratado por Joaquim.<\/p>\n<p>Calixto convence o patr\u00e3o a aceitar pagamento em cheque. Lourdes quer conhecer toda a anatomia de seu modelo e F\u00e1bio sai correndo. Heitor paga ao vigarista e manda que ele jogue os queijos fora quando receb\u00ea-los. Lindinha arma para que Petruchio a veja sem roupa.<\/p>\n<p>Antes de ver Bianca, o m\u00e9dico conversa a s\u00f3s com Dinor\u00e1. Depois, diagnostica uma poss\u00edvel doen\u00e7a grave. Petruchio faz com que Bianca coma um peda\u00e7o de queijo que trouxe da fazenda. Bianca cai na escada. Bianca acaba com a greve de fome. Celso aconselha Kiki a desistir de Petruchio. Corn\u00e9lio avisa ao sequestrador que n\u00e3o pretende matar a sogra; s\u00f3 tirar umas f\u00e9rias dela.<\/p>\n<p>(*) edi\u00e7\u00e3o das novelas da Globo, &#8220;O Cravo e a Rosa&#8221;, sujeito a altera\u00e7\u00e3o de data e conte\u00fado.<\/p>\n<p>Sinopse &#8220;O Cravo e a Rosa&#8221;: Catarina Batista \u00e9 uma mulher moderna, na r\u00edgida sociedade paulista da d\u00e9cada de 1920, que recusa o papel feminino de se restringir a lavar ceroulas em um tanque. Juli\u00e3o Petruchio \u00e9 um homem rude, para quem a mulher deve ser a &#8220;rainha do lar&#8221;. Duas pessoas t\u00e3o diferentes vivem um romance contradit\u00f3rio.<\/p>\n<p>Conhecida como &#8216;a fera&#8217;, por botar todos os seus pretendentes para correr, Catarina vai esbarrar na teimosia c\u00ednica de Petruchio que, inicialmente, decide conquist\u00e1-la para, com o dote do casamento, salvar sua fazenda de ser hipotecada. Eles acabam se apaixonando, mas n\u00e3o d\u00e3o o bra\u00e7o a torcer, vivenciando cenas muito bem-humoradas de discuss\u00f5es e brigas vulc\u00e2nicas. Ele fingindo-se de &#8216;cordeirinho&#8217;, e ela cada vez mais furiosa com sua insist\u00eancia.<\/p>\n","protected":false},"excerpt":{"rendered":"<p>Resumo da novela &#8220;O Cravo e a Rosa&#8221; em 13\/01: no cap\u00edtulo 029(*) da novela, Corn\u00e9lio confessa a Dalva o seu desejo de desaparecer com Josefa. Kiki agarra Petruchio. Catarina invade o quarto de Bianca com v\u00e1rias travessas de comida na m\u00e3o. Petruchio beija Kiki na frente da casa de Catarina. Catarina revida jogando um [&hellip;]<\/p>\n","protected":false},"author":4,"featured_media":213218,"comment_status":"closed","ping_status":"closed","sticky":false,"template":"","format":"standard","meta":{"tdm_status":"","tdm_grid_status":"","footnotes":""},"categories":[379,2227,375,2025,343],"tags":[441],"class_list":{"0":"post-214663","1":"post","2":"type-post","3":"status-publish","4":"format-standard","5":"has-post-thumbnail","7":"category-novelas","8":"category-o-cravo-e-a-rosa","9":"category-rede-globo","10":"category-resumo","11":"category-televisao","12":"tag-resumo-do-dia"},"_links":{"self":[{"href":"https:\/\/migracao.redenoticia.com.br\/noticia\/wp-json\/wp\/v2\/posts\/214663","targetHints":{"allow":["GET"]}}],"collection":[{"href":"https:\/\/migracao.redenoticia.com.br\/noticia\/wp-json\/wp\/v2\/posts"}],"about":[{"href":"https:\/\/migracao.redenoticia.com.br\/noticia\/wp-json\/wp\/v2\/types\/post"}],"author":[{"embeddable":true,"href":"https:\/\/migracao.redenoticia.com.br\/noticia\/wp-json\/wp\/v2\/users\/4"}],"replies":[{"embeddable":true,"href":"https:\/\/migracao.redenoticia.com.br\/noticia\/wp-json\/wp\/v2\/comments?post=214663"}],"version-history":[{"count":0,"href":"https:\/\/migracao.redenoticia.com.br\/noticia\/wp-json\/wp\/v2\/posts\/214663\/revisions"}],"wp:featuredmedia":[{"embeddable":true,"href":"https:\/\/migracao.redenoticia.com.br\/noticia\/wp-json\/wp\/v2\/media\/213218"}],"wp:attachment":[{"href":"https:\/\/migracao.redenoticia.com.br\/noticia\/wp-json\/wp\/v2\/media?parent=214663"}],"wp:term":[{"taxonomy":"category","embeddable":true,"href":"https:\/\/migracao.redenoticia.com.br\/noticia\/wp-json\/wp\/v2\/categories?post=214663"},{"taxonomy":"post_tag","embeddable":true,"href":"https:\/\/migracao.redenoticia.com.br\/noticia\/wp-json\/wp\/v2\/tags?post=214663"}],"curies":[{"name":"wp","href":"https:\/\/api.w.org\/{rel}","templated":true}]}}