{"id":214709,"date":"2022-01-13T11:57:11","date_gmt":"2022-01-13T14:57:11","guid":{"rendered":"https:\/\/www.redenoticia.com.br\/noticia\/?p=214709"},"modified":"2022-01-13T11:57:11","modified_gmt":"2022-01-13T14:57:11","slug":"resumo-amanha-e-para-sempre-14-01-fernanda-acredita-que-eduardo-esta-morto","status":"publish","type":"post","link":"https:\/\/migracao.redenoticia.com.br\/noticia\/2022\/resumo-amanha-e-para-sempre-14-01-fernanda-acredita-que-eduardo-esta-morto\/214709","title":{"rendered":"Resumo \u201cAmanh\u00e3 \u00e9 para sempre\u201d 14\/01: Fernanda acredita que Eduardo est\u00e1 morto"},"content":{"rendered":"<p><img loading=\"lazy\" decoding=\"async\" class=\"aligncenter size-full wp-image-212995\" src=\"https:\/\/migracao.redenoticia.com.br\/noticia\/imagens\/amanha-e-para-sempre.jpeg\" alt=\"\" width=\"1280\" height=\"720\" srcset=\"https:\/\/migracao.redenoticia.com.br\/noticia\/imagens\/amanha-e-para-sempre.jpeg 1280w, https:\/\/migracao.redenoticia.com.br\/noticia\/imagens\/amanha-e-para-sempre-250x140.jpeg 250w, https:\/\/migracao.redenoticia.com.br\/noticia\/imagens\/amanha-e-para-sempre-400x225.jpeg 400w, https:\/\/migracao.redenoticia.com.br\/noticia\/imagens\/amanha-e-para-sempre-768x432.jpeg 768w, https:\/\/migracao.redenoticia.com.br\/noticia\/imagens\/amanha-e-para-sempre-150x85.jpeg 150w\" sizes=\"auto, (max-width: 1280px) 100vw, 1280px\" \/><\/p>\n<p><strong><em>Resumo da novela \u201cAmanh\u00e3 \u00e9 para sempre\u201d<\/em><\/strong> em 14\/01: no cap\u00edtulo 035(*) da novela, Fernanda desmaia ao descobrir que Eduardo est\u00e1 morto. Rebeca pergunta a Adriano como anda a sabotagem e ele confirma que tudo acontecer\u00e1 nessa mesma noite. Rebeca diz que ele deve antecipar sua viagem com Fernanda.<\/p>\n<p>Silvestre diz a Calixto que jamais imaginaria Marina trabalhando em um bordel. Vladimir procura Adriano para dizer que est\u00e1 apaixonado por Priscila e pede que o ajude a conquist\u00e1-la. Em tom de deboche Adriano diz que Priscila nunca vai se divorciar do An\u00edbal e muito menos agora que est\u00e1 gr\u00e1vida. Ciro diz a Liliana que precisa entregar a Eduardo o cofre de Soledade.<\/p>\n<p>Padre Bosco diz a Fernanda que Eduardo ficou muito abalado quando voltou ao povoado e ficou sabendo de todo sofrimento e humilha\u00e7\u00f5es que sua m\u00e3e sofreu. Ele conta tamb\u00e9m que o que ele fez em seu casamento foi por amor e pede a ela que esque\u00e7a o passado e tente ser feliz ao lado de Adriano. Aurora chega com Santiago \u00e0 casa de Dominga e diz a ela que precisa saber o nome de sua m\u00e3e. Fernanda, muito abalada, conta para a fam\u00edlia que Eduardo est\u00e1 morto. Rebeca sorri maliciosamente ao receber a not\u00edcia. Art\u00eamio ordena a Rebeca que investigue para ter certeza de que n\u00e3o est\u00e3o sendo enganados.<\/p>\n<p>Fernanda diz que Eduardo morreu odiando a fam\u00edlia Elizalde e, diante dos coment\u00e1rios sarc\u00e1sticos de An\u00edbal e Camilo, Fernanda defende Eduardo, dizendo que ele foi acusado injustamente de violent\u00e1-la quando na verdade o que houve entre eles foi um beijo inocente entre duas crian\u00e7as. Fernanda encara Rebeca e exige que pela primeira vez em sua vida admita que se enganou. Ela se defende e diz que s\u00f3 quis proteg\u00ea-la. Aurora est\u00e1 preocupada porque Dominga a mant\u00e9m trancada e Santiago est\u00e1 esperando por ela.<\/p>\n<p>(*) edi\u00e7\u00e3o das novelas do SBT, \u201cAmanh\u00e3 \u00e9 para sempre\u201d, sujeito a altera\u00e7\u00e3o de data e conte\u00fado.<\/p>\n<p>Sinopse \u201cAmanh\u00e3 \u00e9 para sempre\u201d: Fernanda \u00e9 a filha ca\u00e7ula do fazendeiro Gon\u00e7alo Elizalde, dono de uma grande companhia leiteira, e Eduardo \u00e9 filho de Soledade, a governanta da fam\u00edlia Elizalde. As duas crian\u00e7as t\u00eam crescido juntas e unidas por um amor inocente e justo, apesar da diferen\u00e7a de classes sociais.<\/p>\n<p>Gon\u00e7alo vive feliz com sua esposa Montserrat e seus cinco filhos, sem suspeitar que um inimigo implac\u00e1vel acerca aos seus. Art\u00eamio Bravo sente um \u00f3dio intenso e amargo de Gon\u00e7alo, que tem corro\u00eddo sua mente e, sua \u00fanica meta \u00e9 destruir, lenta e dolorosamente, toda a fam\u00edlia Elizalde.<\/p>\n","protected":false},"excerpt":{"rendered":"<p>Resumo da novela \u201cAmanh\u00e3 \u00e9 para sempre\u201d em 14\/01: no cap\u00edtulo 035(*) da novela, Fernanda desmaia ao descobrir que Eduardo est\u00e1 morto. Rebeca pergunta a Adriano como anda a sabotagem e ele confirma que tudo acontecer\u00e1 nessa mesma noite. Rebeca diz que ele deve antecipar sua viagem com Fernanda. Silvestre diz a Calixto que jamais [&hellip;]<\/p>\n","protected":false},"author":4,"featured_media":212996,"comment_status":"closed","ping_status":"closed","sticky":false,"template":"","format":"standard","meta":{"tdm_status":"","tdm_grid_status":"","footnotes":""},"categories":[2228,379,2025,372,343],"tags":[441],"class_list":{"0":"post-214709","1":"post","2":"type-post","3":"status-publish","4":"format-standard","5":"has-post-thumbnail","7":"category-amanha-e-para-sempre","8":"category-novelas","9":"category-resumo","10":"category-sbt","11":"category-televisao","12":"tag-resumo-do-dia"},"_links":{"self":[{"href":"https:\/\/migracao.redenoticia.com.br\/noticia\/wp-json\/wp\/v2\/posts\/214709","targetHints":{"allow":["GET"]}}],"collection":[{"href":"https:\/\/migracao.redenoticia.com.br\/noticia\/wp-json\/wp\/v2\/posts"}],"about":[{"href":"https:\/\/migracao.redenoticia.com.br\/noticia\/wp-json\/wp\/v2\/types\/post"}],"author":[{"embeddable":true,"href":"https:\/\/migracao.redenoticia.com.br\/noticia\/wp-json\/wp\/v2\/users\/4"}],"replies":[{"embeddable":true,"href":"https:\/\/migracao.redenoticia.com.br\/noticia\/wp-json\/wp\/v2\/comments?post=214709"}],"version-history":[{"count":0,"href":"https:\/\/migracao.redenoticia.com.br\/noticia\/wp-json\/wp\/v2\/posts\/214709\/revisions"}],"wp:featuredmedia":[{"embeddable":true,"href":"https:\/\/migracao.redenoticia.com.br\/noticia\/wp-json\/wp\/v2\/media\/212996"}],"wp:attachment":[{"href":"https:\/\/migracao.redenoticia.com.br\/noticia\/wp-json\/wp\/v2\/media?parent=214709"}],"wp:term":[{"taxonomy":"category","embeddable":true,"href":"https:\/\/migracao.redenoticia.com.br\/noticia\/wp-json\/wp\/v2\/categories?post=214709"},{"taxonomy":"post_tag","embeddable":true,"href":"https:\/\/migracao.redenoticia.com.br\/noticia\/wp-json\/wp\/v2\/tags?post=214709"}],"curies":[{"name":"wp","href":"https:\/\/api.w.org\/{rel}","templated":true}]}}