{"id":214753,"date":"2022-01-14T12:13:55","date_gmt":"2022-01-14T15:13:55","guid":{"rendered":"https:\/\/www.redenoticia.com.br\/noticia\/?p=214753"},"modified":"2022-01-14T12:13:55","modified_gmt":"2022-01-14T15:13:55","slug":"resumo-carinha-de-anjo-15-01-dulce-revela-para-fabiana-segredo-de-barbara-e-frida","status":"publish","type":"post","link":"https:\/\/migracao.redenoticia.com.br\/noticia\/2022\/resumo-carinha-de-anjo-15-01-dulce-revela-para-fabiana-segredo-de-barbara-e-frida\/214753","title":{"rendered":"Resumo \u201cCarinha De Anjo\u201d 15\/01: Dulce revela para Fabiana segredo de B\u00e1rbara e Frida"},"content":{"rendered":"<p><img loading=\"lazy\" decoding=\"async\" class=\"aligncenter size-full wp-image-210452\" src=\"https:\/\/migracao.redenoticia.com.br\/noticia\/imagens\/carinha-de-anjo-novela-sbt-elenco-infantil.jpeg\" alt=\"\" width=\"1280\" height=\"720\" srcset=\"https:\/\/migracao.redenoticia.com.br\/noticia\/imagens\/carinha-de-anjo-novela-sbt-elenco-infantil.jpeg 1280w, https:\/\/migracao.redenoticia.com.br\/noticia\/imagens\/carinha-de-anjo-novela-sbt-elenco-infantil-250x140.jpeg 250w, https:\/\/migracao.redenoticia.com.br\/noticia\/imagens\/carinha-de-anjo-novela-sbt-elenco-infantil-400x225.jpeg 400w, https:\/\/migracao.redenoticia.com.br\/noticia\/imagens\/carinha-de-anjo-novela-sbt-elenco-infantil-768x432.jpeg 768w, https:\/\/migracao.redenoticia.com.br\/noticia\/imagens\/carinha-de-anjo-novela-sbt-elenco-infantil-150x85.jpeg 150w\" sizes=\"auto, (max-width: 1280px) 100vw, 1280px\" \/><\/p>\n<p><strong><em>Resumo da novela \u201cCarinha De Anjo\u201d<\/em><\/strong> em 15\/01: no cap\u00edtulo 087(*) da novela, Madre Superiora comunica a todas as alunas sobre a visita do Padre F\u00e1bio de Melo. Fabiana come\u00e7a a ensaiar tamb\u00e9m o coral das pequeninas. Cec\u00edlia diz para Diana que ir\u00e1 conversar com o doutor Andr\u00e9 sobre a vaga de emprego para trabalhar no consult\u00f3rio do m\u00e9dico. Diana fica feliz e agradece a indica\u00e7\u00e3o.<\/p>\n<p>Peixoto prepara um jantar rom\u00e2ntico surpresa para Rosana com aux\u00edlio de Em\u00edlio. Dulce descobre que a irm\u00e3 Luzia deu sobremesa escondida para B\u00e1rbara e Frida, mesmo com a ordem da Madre Superiora para n\u00e3o comerem doce.<\/p>\n<p>Gustavo e Crist\u00f3v\u00e3o chegam ao restaurante para o jantar de neg\u00f3cios com No\u00eamia. Crist\u00f3v\u00e3o fica com alergia ao perfume da empres\u00e1ria inconveniente e acaba deixando Gustavo a s\u00f3s com ela. Zeca se declara para Juju e agradece a parceria em diversos aspectos da vida.<\/p>\n<p>Dulce Maria revela para Fabiana o que descobriu de B\u00e1rbara e Frida. Rosana fica irada ao chegar em casa e ver Peixoto dormindo e um jantar rom\u00e2ntico j\u00e1 consumido na mesa.<\/p>\n<p>A mulher expulsa o delegado e acredita que Peixoto fez o jantar para outra mulher enquanto esteve fora.  No\u00eamia faz quest\u00e3o de tirar selfie com Gustavo e Crist\u00f3v\u00e3o. Dulce sonha com a m\u00e3e, Tereza. Em\u00edlio e Juju revelam para Rosana que o jantar era para ela.<\/p>\n<p>Padre Gabriel avisa \u00e0 Madre Superiora que o Padre F\u00e1bio de Melo est\u00e1 a caminho de Doce Horizonte. Cec\u00edlia pede para Andr\u00e9 entrevistar Diana para a vaga de secret\u00e1ria. O m\u00e9dico aceita e pede para que conversem sobre outro assunto, mas Cec\u00edlia desconversa e vai embora alegando estar atrasada.<\/p>\n<p>Rosana se sente culpada por ter expulsado Peixoto e tenta se desculpar com o amado. Franciely mostra um v\u00eddeo do Padre F\u00e1bio de Melo cantando para Estef\u00e2nia e diz que est\u00e1 ansiosa para que o religioso possa jantar no apartamento dos L\u00e1rios. Haydee fica aflita ao pensar que Fl\u00e1vio realmente est\u00e1 apaixonado por No\u00eamia.<\/p>\n<p>(*) edi\u00e7\u00e3o das novelas do SBT, \u201cCarinha De Anjo\u201d, sujeito a altera\u00e7\u00e3o de data e conte\u00fado.<\/p>\n<p>Sinopse \u201cCarinha De Anjo\u201d: Dulce Maria \u00e9 uma menina doce, ingenua, inteligente e alegre de 5 anos de idade. \u00c9 brincalhona, aventureira e extremamente curiosa. Diverte a todos com seus coment\u00e1rios e perguntas indiscretas e surpreende com suas descobertas.<\/p>\n<p>Ela \u00e9 filha \u00fanica de Gustavo L\u00e1rios (Carlo Porto), bem-sucedido empres\u00e1rio da cafeicultura brasileira, e da mexicana Teresa Rezende L\u00e1rios (Lucero), m\u00e3e acolhedora de s\u00e1bios conselhos e voz ador\u00e1vel, que faleceu num acidente quando Dulce Maria tinha apenas 3 anos de idade. Traumatizado com a trag\u00e9dia, Gustavo deixou a filha no col\u00e9gio interno.<\/p>\n","protected":false},"excerpt":{"rendered":"<p>Resumo da novela \u201cCarinha De Anjo\u201d em 15\/01: no cap\u00edtulo 087(*) da novela, Madre Superiora comunica a todas as alunas sobre a visita do Padre F\u00e1bio de Melo. Fabiana come\u00e7a a ensaiar tamb\u00e9m o coral das pequeninas. Cec\u00edlia diz para Diana que ir\u00e1 conversar com o doutor Andr\u00e9 sobre a vaga de emprego para trabalhar [&hellip;]<\/p>\n","protected":false},"author":4,"featured_media":210453,"comment_status":"closed","ping_status":"closed","sticky":false,"template":"","format":"standard","meta":{"tdm_status":"","tdm_grid_status":"","footnotes":""},"categories":[452,379,2025,372,343],"tags":[441],"class_list":{"0":"post-214753","1":"post","2":"type-post","3":"status-publish","4":"format-standard","5":"has-post-thumbnail","7":"category-carinha-de-anjo","8":"category-novelas","9":"category-resumo","10":"category-sbt","11":"category-televisao","12":"tag-resumo-do-dia"},"_links":{"self":[{"href":"https:\/\/migracao.redenoticia.com.br\/noticia\/wp-json\/wp\/v2\/posts\/214753","targetHints":{"allow":["GET"]}}],"collection":[{"href":"https:\/\/migracao.redenoticia.com.br\/noticia\/wp-json\/wp\/v2\/posts"}],"about":[{"href":"https:\/\/migracao.redenoticia.com.br\/noticia\/wp-json\/wp\/v2\/types\/post"}],"author":[{"embeddable":true,"href":"https:\/\/migracao.redenoticia.com.br\/noticia\/wp-json\/wp\/v2\/users\/4"}],"replies":[{"embeddable":true,"href":"https:\/\/migracao.redenoticia.com.br\/noticia\/wp-json\/wp\/v2\/comments?post=214753"}],"version-history":[{"count":0,"href":"https:\/\/migracao.redenoticia.com.br\/noticia\/wp-json\/wp\/v2\/posts\/214753\/revisions"}],"wp:featuredmedia":[{"embeddable":true,"href":"https:\/\/migracao.redenoticia.com.br\/noticia\/wp-json\/wp\/v2\/media\/210453"}],"wp:attachment":[{"href":"https:\/\/migracao.redenoticia.com.br\/noticia\/wp-json\/wp\/v2\/media?parent=214753"}],"wp:term":[{"taxonomy":"category","embeddable":true,"href":"https:\/\/migracao.redenoticia.com.br\/noticia\/wp-json\/wp\/v2\/categories?post=214753"},{"taxonomy":"post_tag","embeddable":true,"href":"https:\/\/migracao.redenoticia.com.br\/noticia\/wp-json\/wp\/v2\/tags?post=214753"}],"curies":[{"name":"wp","href":"https:\/\/api.w.org\/{rel}","templated":true}]}}