{"id":21476,"date":"2010-01-08T22:30:28","date_gmt":"2010-01-09T02:30:28","guid":{"rendered":"http:\/\/www.redenoticia.com.br\/noticia\/?p=21476"},"modified":"2010-01-08T22:30:28","modified_gmt":"2010-01-09T02:30:28","slug":"concurso-inss-provas-serao-realizadas-domingo-1001","status":"publish","type":"post","link":"https:\/\/migracao.redenoticia.com.br\/noticia\/2010\/concurso-inss-provas-serao-realizadas-domingo-1001\/21476","title":{"rendered":"Concurso INSS &#8211; Provas ser\u00e3o realizadas domingo (10\/01)"},"content":{"rendered":"<p><strong><em><img loading=\"lazy\" decoding=\"async\" class=\"alignleft size-full wp-image-19239\" title=\"concurso publico vagas inscri\u00e7\u00e3o\" src=\"https:\/\/migracao.redenoticia.com.br\/noticia\/imagens\/concurso-publico-vagas-inscri\u00e7\u00e3o.jpg\" alt=\"\" width=\"300\" height=\"193\" srcset=\"https:\/\/migracao.redenoticia.com.br\/noticia\/imagens\/concurso-publico-vagas-inscri\u00e7\u00e3o.jpg 300w, https:\/\/migracao.redenoticia.com.br\/noticia\/imagens\/concurso-publico-vagas-inscri\u00e7\u00e3o-150x96.jpg 150w, https:\/\/migracao.redenoticia.com.br\/noticia\/imagens\/concurso-publico-vagas-inscri\u00e7\u00e3o-250x160.jpg 250w\" sizes=\"auto, (max-width: 300px) 100vw, 300px\" \/>Concurso INSS<\/em><\/strong> \u2013 O Instituto Nacional do Seguro Social (INSS) realiza neste domingo (10), a partir das 14 horas, processo seletivo simplificado para contrata\u00e7\u00e3o tempor\u00e1ria de <strong><em>engenheiros civis e eletricistas<\/em><\/strong>. As provas ser\u00e3o realizadas, simultaneamente, \u00e0s 14 horas, em 21 capitais (Rio Branco, Manaus, Macap\u00e1, Salvador, Fortaleza, Bras\u00edlia, Vit\u00f3ria, Goi\u00e2nia, S\u00e3o Luis, Belo Horizonte, Campo Grande, Cuib\u00e1, Bel\u00e9m, Recife, Curitiba, Rio de Janeiro, Porto Velho, Porto Alegre, Florian\u00f3polis, S\u00e3o Paulo e Palmas).\u00a0<\/p>\n<p>A meta \u00e9 contratar 190 profissionais, 174 para a \u00e1rea civil e 16 para a \u00e1rea el\u00e9trica. A remunera\u00e7\u00e3o mensal ser\u00e1 de R$ 3.800,00 para jornada de 40 horas semanais. O per\u00edodo de contrata\u00e7\u00e3o \u00e9 de um ano, com a possibilidade de prorroga\u00e7\u00e3o por mais um ano. Os aprovados no processo seletivo dever\u00e3o ser convocados na primeira quinzena de fevereiro.<\/p>\n<p>Os engenheiros ir\u00e3o trabalhar na elabora\u00e7\u00e3o de projetos, na fiscaliza\u00e7\u00e3o e no acompanhamento das obras das Ag\u00eancias da Previd\u00eancia Social que est\u00e3o sendo constru\u00eddas pelo Plano de Expans\u00e3o da Rede de Atendimento (PEX). Em todo o pa\u00eds, ser\u00e3o criadas 720 novas ag\u00eancias em munic\u00edpios com mais de 20 mil habitantes, onde n\u00e3o h\u00e1 unidade fixa da Previd\u00eancia Social.<\/p>\n<p>Para informa\u00e7\u00f5es sobre os locais de prova, consulte a p\u00e1gina do Cespe na internet: <a href=\"http:\/\/www.cespe.unb.br\/concursos\/inss_ps2009\/\" target=\"_blank\">www.cespe.unb.br\/concursos\/inss_ps2009\/<\/a><\/p>\n","protected":false},"excerpt":{"rendered":"<p>Concurso INSS \u2013 O Instituto Nacional do Seguro Social (INSS) realiza neste domingo (10), a partir das 14 horas, processo seletivo simplificado para contrata\u00e7\u00e3o tempor\u00e1ria de engenheiros civis e eletricistas. As provas ser\u00e3o realizadas, simultaneamente, \u00e0s 14 horas, em 21 capitais (Rio Branco, Manaus, Macap\u00e1, Salvador, Fortaleza, Bras\u00edlia, Vit\u00f3ria, Goi\u00e2nia, S\u00e3o Luis, Belo Horizonte, Campo [&hellip;]<\/p>\n","protected":false},"author":3,"featured_media":0,"comment_status":"open","ping_status":"open","sticky":false,"template":"","format":"standard","meta":{"tdm_status":"","tdm_grid_status":"","footnotes":""},"categories":[22,352,370],"tags":[],"class_list":{"0":"post-21476","1":"post","2":"type-post","3":"status-publish","4":"format-standard","6":"category-brasil","7":"category-concursos","8":"category-inscricao"},"_links":{"self":[{"href":"https:\/\/migracao.redenoticia.com.br\/noticia\/wp-json\/wp\/v2\/posts\/21476","targetHints":{"allow":["GET"]}}],"collection":[{"href":"https:\/\/migracao.redenoticia.com.br\/noticia\/wp-json\/wp\/v2\/posts"}],"about":[{"href":"https:\/\/migracao.redenoticia.com.br\/noticia\/wp-json\/wp\/v2\/types\/post"}],"author":[{"embeddable":true,"href":"https:\/\/migracao.redenoticia.com.br\/noticia\/wp-json\/wp\/v2\/users\/3"}],"replies":[{"embeddable":true,"href":"https:\/\/migracao.redenoticia.com.br\/noticia\/wp-json\/wp\/v2\/comments?post=21476"}],"version-history":[{"count":0,"href":"https:\/\/migracao.redenoticia.com.br\/noticia\/wp-json\/wp\/v2\/posts\/21476\/revisions"}],"wp:attachment":[{"href":"https:\/\/migracao.redenoticia.com.br\/noticia\/wp-json\/wp\/v2\/media?parent=21476"}],"wp:term":[{"taxonomy":"category","embeddable":true,"href":"https:\/\/migracao.redenoticia.com.br\/noticia\/wp-json\/wp\/v2\/categories?post=21476"},{"taxonomy":"post_tag","embeddable":true,"href":"https:\/\/migracao.redenoticia.com.br\/noticia\/wp-json\/wp\/v2\/tags?post=21476"}],"curies":[{"name":"wp","href":"https:\/\/api.w.org\/{rel}","templated":true}]}}