{"id":21484,"date":"2010-01-10T01:04:06","date_gmt":"2010-01-10T05:04:06","guid":{"rendered":"http:\/\/www.redenoticia.com.br\/noticia\/?p=21484"},"modified":"2010-01-11T07:22:36","modified_gmt":"2010-01-11T11:22:36","slug":"meteorologia-divulga-previsao-do-tempo-para-este-domingo-1001","status":"publish","type":"post","link":"https:\/\/migracao.redenoticia.com.br\/noticia\/2010\/meteorologia-divulga-previsao-do-tempo-para-este-domingo-1001\/21484","title":{"rendered":"Meteorologia divulga previs\u00e3o do tempo para este domingo (10\/01)"},"content":{"rendered":"<p><strong><em><img loading=\"lazy\" decoding=\"async\" class=\"alignleft size-full wp-image-21074\" title=\"previsao tempo nebulosidade 2\" src=\"https:\/\/migracao.redenoticia.com.br\/noticia\/imagens\/previsao-tempo-nebulosidade-21.jpg\" alt=\"\" width=\"300\" height=\"193\" srcset=\"https:\/\/migracao.redenoticia.com.br\/noticia\/imagens\/previsao-tempo-nebulosidade-21.jpg 300w, https:\/\/migracao.redenoticia.com.br\/noticia\/imagens\/previsao-tempo-nebulosidade-21-250x160.jpg 250w, https:\/\/migracao.redenoticia.com.br\/noticia\/imagens\/previsao-tempo-nebulosidade-21-150x96.jpg 150w\" sizes=\"auto, (max-width: 300px) 100vw, 300px\" \/>Previs\u00e3o do tempo<\/em><\/strong> para este domingo (10\/01). Segundo a <strong><em>Meteorologia<\/em><\/strong>, no Norte a previs\u00e3o do tempo \u00e9 de c\u00e9u nublado a encoberto com chuva, exceto em Roraima, onde ficar\u00e1 parcialmente nublado a nublado. Temperatura:\u00a0estavel max.:\u00a036\u00b0c \u00a0 min.:\u00a019\u00b0c. No Centro-Oeste a previs\u00e3o de tempo indica que o c\u00e9u nublado a encoberto com pancadas de chuva e trovoadas no Mato Grosso e Mato Grosso do Sul. Demais \u00e1reas parcialmente nublado a nublado com pancadas de chuva no oeste e norte de Goi\u00e1s e possibilidade de chuva isoladas no leste do estado e Distrito Federal. Temperatura:\u00a0ligeira eleva\u00e7\u00e3o max.:\u00a035\u00b0c \u00a0 min.:\u00a018\u00b0c.<\/p>\n<p>Na regi\u00e3o Sul a previs\u00e3o do tempo \u00e9 parcialmente nublado a nublado com pancadas de chuva e trovoadas. Possibilidade de chuva forte em \u00e1reas isoladas do Paran\u00e1 e Santa Catarina. Temperatura:\u00a0estavel max.:\u00a031\u00b0c \u00a0 min.:\u00a015\u00b0c. No Nordeste a previs\u00e3o do tempo\u00a0indica o tempo nublado a encoberto com pancadas de chuva e trovoadas isoladas no Maranh\u00e3o. Nublado a parcialmente nublado com pancadas de chuva e trovoadas em Alagoas, sul do Cear\u00e1, Piau\u00ed, Rio Grande do Norte, Sergipe, oeste da Bahia, da Para\u00edba e de Pernambuco. Possibilidade de chuva isoladas nas demais \u00e1reas da regi\u00e3o. Temperatura:\u00a0estavel max.:\u00a036\u00b0c \u00a0 min.:\u00a018\u00b0c.<\/p>\n<p>No Sudeste, previs\u00e3o de tempo indica que o c\u00e9u estar\u00e1 nublado a parcialmente nublado com pancadas de chuva e trovoadas em S\u00e3o Paulo e possibilidade de chuva isoladas no oeste e sul de Minas Gerais. Claro a parcialmente nublado nas demais \u00e1reas da regi\u00e3o. \u00a0Temperatura:\u00a0estavel max.:\u00a038\u00b0c \u00a0 min.:\u00a013\u00b0c.<\/p>\n<p>Previs\u00e3o de tempo INMET<\/p>\n","protected":false},"excerpt":{"rendered":"<p>Previs\u00e3o do tempo para este domingo (10\/01). Segundo a Meteorologia, no Norte a previs\u00e3o do tempo \u00e9 de c\u00e9u nublado a encoberto com chuva, exceto em Roraima, onde ficar\u00e1 parcialmente nublado a nublado. Temperatura:\u00a0estavel max.:\u00a036\u00b0c \u00a0 min.:\u00a019\u00b0c. No Centro-Oeste a previs\u00e3o de tempo indica que o c\u00e9u nublado a encoberto com pancadas de chuva e [&hellip;]<\/p>\n","protected":false},"author":3,"featured_media":0,"comment_status":"open","ping_status":"open","sticky":false,"template":"","format":"standard","meta":{"tdm_status":"","tdm_grid_status":"","footnotes":""},"categories":[22,327,376],"tags":[],"class_list":{"0":"post-21484","1":"post","2":"type-post","3":"status-publish","4":"format-standard","6":"category-brasil","7":"category-clima","8":"category-clima-brasil"},"_links":{"self":[{"href":"https:\/\/migracao.redenoticia.com.br\/noticia\/wp-json\/wp\/v2\/posts\/21484","targetHints":{"allow":["GET"]}}],"collection":[{"href":"https:\/\/migracao.redenoticia.com.br\/noticia\/wp-json\/wp\/v2\/posts"}],"about":[{"href":"https:\/\/migracao.redenoticia.com.br\/noticia\/wp-json\/wp\/v2\/types\/post"}],"author":[{"embeddable":true,"href":"https:\/\/migracao.redenoticia.com.br\/noticia\/wp-json\/wp\/v2\/users\/3"}],"replies":[{"embeddable":true,"href":"https:\/\/migracao.redenoticia.com.br\/noticia\/wp-json\/wp\/v2\/comments?post=21484"}],"version-history":[{"count":0,"href":"https:\/\/migracao.redenoticia.com.br\/noticia\/wp-json\/wp\/v2\/posts\/21484\/revisions"}],"wp:attachment":[{"href":"https:\/\/migracao.redenoticia.com.br\/noticia\/wp-json\/wp\/v2\/media?parent=21484"}],"wp:term":[{"taxonomy":"category","embeddable":true,"href":"https:\/\/migracao.redenoticia.com.br\/noticia\/wp-json\/wp\/v2\/categories?post=21484"},{"taxonomy":"post_tag","embeddable":true,"href":"https:\/\/migracao.redenoticia.com.br\/noticia\/wp-json\/wp\/v2\/tags?post=21484"}],"curies":[{"name":"wp","href":"https:\/\/api.w.org\/{rel}","templated":true}]}}