{"id":21486,"date":"2010-01-10T01:03:03","date_gmt":"2010-01-10T05:03:03","guid":{"rendered":"http:\/\/www.redenoticia.com.br\/noticia\/?p=21486"},"modified":"2010-01-11T07:23:32","modified_gmt":"2010-01-11T11:23:32","slug":"previsao-do-tempo-e-temperatura-para-este-domingo-1001","status":"publish","type":"post","link":"https:\/\/migracao.redenoticia.com.br\/noticia\/2010\/previsao-do-tempo-e-temperatura-para-este-domingo-1001\/21486","title":{"rendered":"Previs\u00e3o do tempo e temperatura para este domingo (10\/01)"},"content":{"rendered":"<p><strong><em><img loading=\"lazy\" decoding=\"async\" class=\"alignleft size-full wp-image-21066\" title=\"previsao tempo nebulosidade\" src=\"https:\/\/migracao.redenoticia.com.br\/noticia\/imagens\/previsao-tempo-nebulosidade.jpg\" alt=\"\" width=\"300\" height=\"193\" srcset=\"https:\/\/migracao.redenoticia.com.br\/noticia\/imagens\/previsao-tempo-nebulosidade.jpg 300w, https:\/\/migracao.redenoticia.com.br\/noticia\/imagens\/previsao-tempo-nebulosidade-250x160.jpg 250w, https:\/\/migracao.redenoticia.com.br\/noticia\/imagens\/previsao-tempo-nebulosidade-150x96.jpg 150w\" sizes=\"auto, (max-width: 300px) 100vw, 300px\" \/>Previs\u00e3o do tempo<\/em><\/strong> \u2013 segundo a meteorologia CPTEC\/INPE, neste domingo (10\/01) as pancadas fortes e acumulados de chuva persistir\u00e3o entre SC, PR, sul e oeste de SP, leste e norte de MS, interior de MT e sul de GO \u00e1reas isoladas de RO, no PA (sobretudo no sul e nordeste deste Estado) e no sul e leste do AP.<\/p>\n<p>Previs\u00e3o do tempo na Regi\u00e3o Centro- Oeste em 10\/01\/2010: Em boa parte de GO e no leste de MT: sol com varia\u00e7\u00e3o de nuvens e pancadas isoladas de chuva. Nas demais \u00e1reas da Regi\u00e3o: nublado com pancadas de chuva localmente forte a qualquer hora do dia. As temperaturas seguir\u00e3o est\u00e1veis.<\/p>\n<p>Previs\u00e3o do tempo na Regi\u00e3o Nordeste em 10\/01\/2010: No litoral da BA, em SE e oeste de PE: sol com nebulosidade vari\u00e1vel e uma pequena possibilidade de pancadas de chuva. No oeste da BA e no sul do PI e do MA: sol com nebulosidade vari\u00e1vel e pancadas de chuva a tarde. Nas demais \u00e1reas da BA: sol entre poucas nuvens. No norte da Regi\u00e3o: sol com nebulosidade vari\u00e1vel e pancadas de chuva. As temperaturas seguir\u00e3o est\u00e1veis.<\/p>\n<p>Previs\u00e3o do tempo na Regi\u00e3o Norte em 10\/01\/2010: No centro-norte de RR: sol entre poucas nuvens. Nas demais \u00e1reas: sol entre nuvens com pancadas de chuva localmente forte. As temperaturas continuar\u00e3o est\u00e1veis.<\/p>\n<p>Previs\u00e3o do tempo na Regi\u00e3o Sudeste em 10\/01\/2010: No sul e oeste de SP: nublado com pancadas de chuva a qualquer hora do dia e localmente forte. No litoral de SP: sol com nebulosidade vari\u00e1vel e possibilidade de pancadas isoladas de chuva. Nas demais \u00e1reas de SP e no sul e oeste de MG: sol com nebulosidade vari\u00e1vel e pancadas isoladas de chuva. No centro-norte e leste de MG, no ES e no RJ: sol entre poucas nuvens. As temperaturas seguir\u00e3o est\u00e1veis.<\/p>\n<p>Previs\u00e3o do tempo na Regi\u00e3o Sul em<br \/>\n10\/01\/2010: No nordeste de SC e no PR: nublado com pancadas de chuva localmente forte. Nas demais \u00e1reas: sol com nebulosidade vari\u00e1vel e pancadas de chuva. As temperaturas estar\u00e3o est\u00e1veis na Regi\u00e3o. O vento ficar\u00e1 forte em pontos de SC.<\/p>\n<p>\u00a0Previs\u00e3o do tempo CPTEC\/INPE<\/p>\n","protected":false},"excerpt":{"rendered":"<p>Previs\u00e3o do tempo \u2013 segundo a meteorologia CPTEC\/INPE, neste domingo (10\/01) as pancadas fortes e acumulados de chuva persistir\u00e3o entre SC, PR, sul e oeste de SP, leste e norte de MS, interior de MT e sul de GO \u00e1reas isoladas de RO, no PA (sobretudo no sul e nordeste deste Estado) e no sul [&hellip;]<\/p>\n","protected":false},"author":3,"featured_media":0,"comment_status":"open","ping_status":"open","sticky":false,"template":"","format":"standard","meta":{"tdm_status":"","tdm_grid_status":"","footnotes":""},"categories":[22,327,376],"tags":[],"class_list":{"0":"post-21486","1":"post","2":"type-post","3":"status-publish","4":"format-standard","6":"category-brasil","7":"category-clima","8":"category-clima-brasil"},"_links":{"self":[{"href":"https:\/\/migracao.redenoticia.com.br\/noticia\/wp-json\/wp\/v2\/posts\/21486","targetHints":{"allow":["GET"]}}],"collection":[{"href":"https:\/\/migracao.redenoticia.com.br\/noticia\/wp-json\/wp\/v2\/posts"}],"about":[{"href":"https:\/\/migracao.redenoticia.com.br\/noticia\/wp-json\/wp\/v2\/types\/post"}],"author":[{"embeddable":true,"href":"https:\/\/migracao.redenoticia.com.br\/noticia\/wp-json\/wp\/v2\/users\/3"}],"replies":[{"embeddable":true,"href":"https:\/\/migracao.redenoticia.com.br\/noticia\/wp-json\/wp\/v2\/comments?post=21486"}],"version-history":[{"count":0,"href":"https:\/\/migracao.redenoticia.com.br\/noticia\/wp-json\/wp\/v2\/posts\/21486\/revisions"}],"wp:attachment":[{"href":"https:\/\/migracao.redenoticia.com.br\/noticia\/wp-json\/wp\/v2\/media?parent=21486"}],"wp:term":[{"taxonomy":"category","embeddable":true,"href":"https:\/\/migracao.redenoticia.com.br\/noticia\/wp-json\/wp\/v2\/categories?post=21486"},{"taxonomy":"post_tag","embeddable":true,"href":"https:\/\/migracao.redenoticia.com.br\/noticia\/wp-json\/wp\/v2\/tags?post=21486"}],"curies":[{"name":"wp","href":"https:\/\/api.w.org\/{rel}","templated":true}]}}