{"id":214942,"date":"2022-01-19T14:13:25","date_gmt":"2022-01-19T17:13:25","guid":{"rendered":"https:\/\/www.redenoticia.com.br\/noticia\/?p=214942"},"modified":"2022-01-19T14:13:25","modified_gmt":"2022-01-19T17:13:25","slug":"resumo-te-dou-a-vida-20-01-helena-enfrenta-irene","status":"publish","type":"post","link":"https:\/\/migracao.redenoticia.com.br\/noticia\/2022\/resumo-te-dou-a-vida-20-01-helena-enfrenta-irene\/214942","title":{"rendered":"Resumo &#8220;Te dou a vida&#8221; 20\/01: Helena enfrenta Irene"},"content":{"rendered":"<p><img loading=\"lazy\" decoding=\"async\" class=\"aligncenter size-full wp-image-210432\" src=\"https:\/\/migracao.redenoticia.com.br\/noticia\/imagens\/te-dou-a-vida-elenco-personagem-novela-resumo.jpeg\" alt=\"\" width=\"1280\" height=\"720\" srcset=\"https:\/\/migracao.redenoticia.com.br\/noticia\/imagens\/te-dou-a-vida-elenco-personagem-novela-resumo.jpeg 1280w, https:\/\/migracao.redenoticia.com.br\/noticia\/imagens\/te-dou-a-vida-elenco-personagem-novela-resumo-250x140.jpeg 250w, https:\/\/migracao.redenoticia.com.br\/noticia\/imagens\/te-dou-a-vida-elenco-personagem-novela-resumo-400x225.jpeg 400w, https:\/\/migracao.redenoticia.com.br\/noticia\/imagens\/te-dou-a-vida-elenco-personagem-novela-resumo-768x432.jpeg 768w, https:\/\/migracao.redenoticia.com.br\/noticia\/imagens\/te-dou-a-vida-elenco-personagem-novela-resumo-150x85.jpeg 150w\" sizes=\"auto, (max-width: 1280px) 100vw, 1280px\" \/><\/p>\n<p><strong><em>Resumo da novela &#8220;Te dou a vida&#8221;<\/em><\/strong> em 20\/01: no cap\u00edtulo 088(*) da novela, Helena vai ao hospital e abra\u00e7a sua m\u00e3e. Ernesto pergunta: \u201cO que voc\u00ea est\u00e1 fazendo aqui? Voc\u00ea deveria estar na pris\u00e3o.\u201d Ela responde: \u201cSe voc\u00ea acha que est\u00e1 conseguindo o que quer, est\u00e1 enganado. Estou recebendo meu filho de volta.&#8221; Ele tenta bloquear o caminho dela at\u00e9 a mesa, mas Hor\u00e1cio segue Helena para proteg\u00ea-la. Ernesto pega o celular e liga para o advogado. Ele come\u00e7a a repreend\u00ea-lo por ser in\u00fatil, mas o homem diz que a acusa\u00e7\u00e3o de neglig\u00eancia foi mantida. Ernesto ent\u00e3o exige outra ordem de restri\u00e7\u00e3o e acusa\u00e7\u00f5es contra o m\u00e9dico. Seu advogado o aconselha a n\u00e3o fazer nada. Sob essas condi\u00e7\u00f5es, poder\u00e1 haver uma ordem de restri\u00e7\u00e3o contra ele. Ernesto encerra a liga\u00e7\u00e3o.<\/p>\n<p>Helena chega no quarto de Nico. Abra\u00e7os, beijos e promessas. Nico pergunta se essa era a surpresa que Pedro prometeu e Helena diz que sim. Nico quer ficar com ela. Ele n\u00e3o quer ficar com o pai. Ela pergunta por que ele fugiu. Seu pai disse que ela n\u00e3o sairia da pris\u00e3o e que ele se casaria com Tia Irene. Isso pega Helena de surpresa. Andrea est\u00e1 na sala de espera quando Irene entra. Ela se levanta e pergunta: &#8220;O que voc\u00ea est\u00e1 fazendo aqui?&#8221; Irene diz que quer ver Nico. Irene v\u00ea Ernesto. Andrea percebe e diz que ela deveria ir embora.<\/p>\n<p>O Dr. Vega olha os relat\u00f3rios do laborat\u00f3rio e agradece ao outro m\u00e9dico. Nico ficar\u00e1 bem. Sua secret\u00e1ria anuncia que a assistente social est\u00e1 l\u00e1 para v\u00ea-lo. Ernesto se afasta para atender o telefone e \u00e9 Irene, dizendo que est\u00e1 perto dos banheiros. Ele diz que ela est\u00e1 complicando as coisas. Helena est\u00e1 l\u00e1. Ela n\u00e3o sabia que Helena estava livre. Ele diz a ela para ir embora. Helena diz a Nico que seu pai nem sempre foi assim e que ele n\u00e3o deveria permitir que seu lindo cora\u00e7\u00e3o se encha de m\u00e1goas.<\/p>\n<p>Irene diz \u00e0 m\u00e3e que precisa voltar ao escrit\u00f3rio para resolver um problema. Helena a encontra. Irene finge surpresa. Helena caminha at\u00e9 ela e diz: &#8220;Voc\u00ea \u00e9 uma vadia sem vergonha.&#8221; Ela ent\u00e3o d\u00e1 um tapa forte. Ernesto parece surpreso. Andrea se levanta e olha para ela com severidade. Helena diz: \u201cVoc\u00ea e aquele desgra\u00e7ado s\u00e3o respons\u00e1veis pela fuga de Nico. Voc\u00ea fez isso dizendo que se tornaria a esposa de Ernesto.\u201d Irene tenta negar isso, mas Helena continua: \u201cN\u00e3o me olhe como se eu fosse uma imbecil porque sei que voc\u00eas eram amantes. Eu n\u00e3o dou a m\u00ednima para ele, mas voc\u00ea, minha irm\u00e3, me apunhalou pelas costas e me traiu. Voc\u00ea envenenou meu filho&#8221;.<\/p>\n<p>(*) edi\u00e7\u00e3o das novelas do SBT, &#8220;Te dou a vida&#8221;, sujeito a altera\u00e7\u00e3o de data e conte\u00fado.<\/p>\n<p>Sinopse &#8220;Te dou a vida&#8221;: Nicol\u00e1s (Leonardo Herrera) \u00e9 um garoto de apenas seis anos de idade que padece de leucemia, e necessita de um transplante de medula. Elena (Eva Cede\u00f1o) e Ernesto (Jorge Salinas) s\u00e3o um casal e pais adotivos do menino. Diante da situa\u00e7\u00e3o, o casal decide ir atr\u00e1s do pai biol\u00f3gico da crian\u00e7a, Pedro (Jos\u00e9 Ron). Ele ficar\u00e1 comovido ao conhecer o filho e se aproximar\u00e1 dele e da m\u00e3e adotiva de uma forma muito especial.<\/p>\n","protected":false},"excerpt":{"rendered":"<p>Resumo da novela &#8220;Te dou a vida&#8221; em 20\/01: no cap\u00edtulo 088(*) da novela, Helena vai ao hospital e abra\u00e7a sua m\u00e3e. Ernesto pergunta: \u201cO que voc\u00ea est\u00e1 fazendo aqui? Voc\u00ea deveria estar na pris\u00e3o.\u201d Ela responde: \u201cSe voc\u00ea acha que est\u00e1 conseguindo o que quer, est\u00e1 enganado. Estou recebendo meu filho de volta.&#8221; Ele [&hellip;]<\/p>\n","protected":false},"author":4,"featured_media":210433,"comment_status":"closed","ping_status":"closed","sticky":false,"template":"","format":"standard","meta":{"tdm_status":"","tdm_grid_status":"","footnotes":""},"categories":[379,2025,372,2220,343],"tags":[441],"class_list":{"0":"post-214942","1":"post","2":"type-post","3":"status-publish","4":"format-standard","5":"has-post-thumbnail","7":"category-novelas","8":"category-resumo","9":"category-sbt","10":"category-te-dou-a-vida","11":"category-televisao","12":"tag-resumo-do-dia"},"_links":{"self":[{"href":"https:\/\/migracao.redenoticia.com.br\/noticia\/wp-json\/wp\/v2\/posts\/214942","targetHints":{"allow":["GET"]}}],"collection":[{"href":"https:\/\/migracao.redenoticia.com.br\/noticia\/wp-json\/wp\/v2\/posts"}],"about":[{"href":"https:\/\/migracao.redenoticia.com.br\/noticia\/wp-json\/wp\/v2\/types\/post"}],"author":[{"embeddable":true,"href":"https:\/\/migracao.redenoticia.com.br\/noticia\/wp-json\/wp\/v2\/users\/4"}],"replies":[{"embeddable":true,"href":"https:\/\/migracao.redenoticia.com.br\/noticia\/wp-json\/wp\/v2\/comments?post=214942"}],"version-history":[{"count":0,"href":"https:\/\/migracao.redenoticia.com.br\/noticia\/wp-json\/wp\/v2\/posts\/214942\/revisions"}],"wp:featuredmedia":[{"embeddable":true,"href":"https:\/\/migracao.redenoticia.com.br\/noticia\/wp-json\/wp\/v2\/media\/210433"}],"wp:attachment":[{"href":"https:\/\/migracao.redenoticia.com.br\/noticia\/wp-json\/wp\/v2\/media?parent=214942"}],"wp:term":[{"taxonomy":"category","embeddable":true,"href":"https:\/\/migracao.redenoticia.com.br\/noticia\/wp-json\/wp\/v2\/categories?post=214942"},{"taxonomy":"post_tag","embeddable":true,"href":"https:\/\/migracao.redenoticia.com.br\/noticia\/wp-json\/wp\/v2\/tags?post=214942"}],"curies":[{"name":"wp","href":"https:\/\/api.w.org\/{rel}","templated":true}]}}