{"id":215078,"date":"2022-01-22T18:17:03","date_gmt":"2022-01-22T21:17:03","guid":{"rendered":"https:\/\/www.redenoticia.com.br\/noticia\/?p=215078"},"modified":"2022-01-22T18:17:03","modified_gmt":"2022-01-22T21:17:03","slug":"resumo-se-nos-deixam-24-01-alice-ouve-martim-falar-maravilhas-dela","status":"publish","type":"post","link":"https:\/\/migracao.redenoticia.com.br\/noticia\/2022\/resumo-se-nos-deixam-24-01-alice-ouve-martim-falar-maravilhas-dela\/215078","title":{"rendered":"Resumo &#8220;Se nos deixam&#8221; 24\/01: Alice ouve Martim falar maravilhas dela"},"content":{"rendered":"<p> <img loading=\"lazy\" decoding=\"async\" class=\"aligncenter size-full wp-image-212133\" src=\"https:\/\/migracao.redenoticia.com.br\/noticia\/imagens\/se-nos-deixam-novela-sbt-personagens-resumo.jpg\" alt=\"\" width=\"1280\" height=\"720\" srcset=\"https:\/\/migracao.redenoticia.com.br\/noticia\/imagens\/se-nos-deixam-novela-sbt-personagens-resumo.jpg 1280w, https:\/\/migracao.redenoticia.com.br\/noticia\/imagens\/se-nos-deixam-novela-sbt-personagens-resumo-250x140.jpg 250w, https:\/\/migracao.redenoticia.com.br\/noticia\/imagens\/se-nos-deixam-novela-sbt-personagens-resumo-400x225.jpg 400w, https:\/\/migracao.redenoticia.com.br\/noticia\/imagens\/se-nos-deixam-novela-sbt-personagens-resumo-768x432.jpg 768w, https:\/\/migracao.redenoticia.com.br\/noticia\/imagens\/se-nos-deixam-novela-sbt-personagens-resumo-150x85.jpg 150w\" sizes=\"auto, (max-width: 1280px) 100vw, 1280px\" \/><\/p>\n<p><strong><em>Resumo da novela &#8220;Se nos deixam&#8221;<\/em><\/strong> em 24\/01: no cap\u00edtulo 006(*) da novela, Alice pede a S\u00e9rgio que conte a verdade aos filhos, mas Dona Eva impede que o problema se agrave e faz com que o genro fique em casa para evitar um esc\u00e2ndalo com a imprensa. Gonzalo garante ao pai que n\u00e3o vai permitir que continue machucando a m\u00e3e, sen\u00e3o ter\u00e1 que lidar com ele.<\/p>\n<p>Julieta provoca S\u00e9rgio<br \/>\nJulieta est\u00e1 disposta a mudar sua imagem agora que sua batalha come\u00e7ou e que tem o olhar de todos. Miranda pede \u00e0 m\u00e3e que n\u00e3o se divorcie.<\/p>\n<p>Lucas \u00e9 filho de S\u00e9rgio Carranza!<br \/>\nLucas chega ao escrit\u00f3rio de S\u00e9rgio para pedir mais dinheiro em troca de n\u00e3o revelar que ele \u00e9 seu filho. Gonzalo conhece Lorena em seu curso de pastelaria e fica impressionado. Mart\u00edn confessa ao patr\u00e3o que Alice \u00e9 uma mulher muito especial e, quando o ouve, questiona-o por aquilo que ele disse. Alice ouve Martim falar maravilhas dela.<\/p>\n<p>(*) edi\u00e7\u00e3o das novelas do SBT, &#8220;Se nos deixam&#8221;, sujeito a altera\u00e7\u00e3o de data e conte\u00fado.<\/p>\n<p>Sinopse &#8220;Se nos deixam&#8221;: Alice Montiel (Mayr\u00edn Villanueva) \u00e9 uma mulher que depois de uma vida casada com quem ela pensava ser o amor de sua vida, e por acreditar que teve o casamento e a fam\u00edlia perfeitos, descobre que seu marido lhe foi infiel h\u00e1 anos. Alice, v\u00edtima das decep\u00e7\u00f5es de S\u00e9rgio (Alexis Ayala), toma a dif\u00edcil decis\u00e3o de se separar, reconstruir sua vida e dar uma nova chance ao amor.<\/p>\n","protected":false},"excerpt":{"rendered":"<p>Resumo da novela &#8220;Se nos deixam&#8221; em 24\/01: no cap\u00edtulo 006(*) da novela, Alice pede a S\u00e9rgio que conte a verdade aos filhos, mas Dona Eva impede que o problema se agrave e faz com que o genro fique em casa para evitar um esc\u00e2ndalo com a imprensa. Gonzalo garante ao pai que n\u00e3o vai [&hellip;]<\/p>\n","protected":false},"author":2,"featured_media":212134,"comment_status":"closed","ping_status":"closed","sticky":false,"template":"","format":"standard","meta":{"tdm_status":"","tdm_grid_status":"","footnotes":""},"categories":[379,2025,372,2224,343],"tags":[441],"class_list":{"0":"post-215078","1":"post","2":"type-post","3":"status-publish","4":"format-standard","5":"has-post-thumbnail","7":"category-novelas","8":"category-resumo","9":"category-sbt","10":"category-se-nos-deixam","11":"category-televisao","12":"tag-resumo-do-dia"},"_links":{"self":[{"href":"https:\/\/migracao.redenoticia.com.br\/noticia\/wp-json\/wp\/v2\/posts\/215078","targetHints":{"allow":["GET"]}}],"collection":[{"href":"https:\/\/migracao.redenoticia.com.br\/noticia\/wp-json\/wp\/v2\/posts"}],"about":[{"href":"https:\/\/migracao.redenoticia.com.br\/noticia\/wp-json\/wp\/v2\/types\/post"}],"author":[{"embeddable":true,"href":"https:\/\/migracao.redenoticia.com.br\/noticia\/wp-json\/wp\/v2\/users\/2"}],"replies":[{"embeddable":true,"href":"https:\/\/migracao.redenoticia.com.br\/noticia\/wp-json\/wp\/v2\/comments?post=215078"}],"version-history":[{"count":0,"href":"https:\/\/migracao.redenoticia.com.br\/noticia\/wp-json\/wp\/v2\/posts\/215078\/revisions"}],"wp:featuredmedia":[{"embeddable":true,"href":"https:\/\/migracao.redenoticia.com.br\/noticia\/wp-json\/wp\/v2\/media\/212134"}],"wp:attachment":[{"href":"https:\/\/migracao.redenoticia.com.br\/noticia\/wp-json\/wp\/v2\/media?parent=215078"}],"wp:term":[{"taxonomy":"category","embeddable":true,"href":"https:\/\/migracao.redenoticia.com.br\/noticia\/wp-json\/wp\/v2\/categories?post=215078"},{"taxonomy":"post_tag","embeddable":true,"href":"https:\/\/migracao.redenoticia.com.br\/noticia\/wp-json\/wp\/v2\/tags?post=215078"}],"curies":[{"name":"wp","href":"https:\/\/api.w.org\/{rel}","templated":true}]}}