{"id":215079,"date":"2022-01-22T18:09:37","date_gmt":"2022-01-22T21:09:37","guid":{"rendered":"https:\/\/www.redenoticia.com.br\/noticia\/?p=215079"},"modified":"2022-01-22T18:09:37","modified_gmt":"2022-01-22T21:09:37","slug":"resumo-amanha-e-para-sempre-24-01-rebeca-se-surpreende-ao-ver-liliana","status":"publish","type":"post","link":"https:\/\/migracao.redenoticia.com.br\/noticia\/2022\/resumo-amanha-e-para-sempre-24-01-rebeca-se-surpreende-ao-ver-liliana\/215079","title":{"rendered":"Resumo \u201cAmanh\u00e3 \u00e9 para sempre\u201d 24\/01: Rebeca se surpreende ao ver Liliana"},"content":{"rendered":"<p> <img loading=\"lazy\" decoding=\"async\" class=\"aligncenter size-full wp-image-212995\" src=\"https:\/\/migracao.redenoticia.com.br\/noticia\/imagens\/amanha-e-para-sempre.jpeg\" alt=\"\" width=\"1280\" height=\"720\" srcset=\"https:\/\/migracao.redenoticia.com.br\/noticia\/imagens\/amanha-e-para-sempre.jpeg 1280w, https:\/\/migracao.redenoticia.com.br\/noticia\/imagens\/amanha-e-para-sempre-250x140.jpeg 250w, https:\/\/migracao.redenoticia.com.br\/noticia\/imagens\/amanha-e-para-sempre-400x225.jpeg 400w, https:\/\/migracao.redenoticia.com.br\/noticia\/imagens\/amanha-e-para-sempre-768x432.jpeg 768w, https:\/\/migracao.redenoticia.com.br\/noticia\/imagens\/amanha-e-para-sempre-150x85.jpeg 150w\" sizes=\"auto, (max-width: 1280px) 100vw, 1280px\" \/><\/p>\n<p><strong><em>Resumo da novela \u201cAmanh\u00e3 \u00e9 para sempre\u201d<\/em><\/strong> em 24\/01: no cap\u00edtulo 041(*) da novela, Aurora vai com Santiago at\u00e9 o convento onde ela estudou na tentativa de descobrir o paradeiro de sua m\u00e3e, mas a madre explica que quando Dominga a levou s\u00f3 informou seu nome e data de nascimento.<\/p>\n<p>Art\u00eamio contrata um homem chamado Ren\u00ea para que investigue tudo sobre Franco Santoro. Margarida e Jacinto reclamam com Eduardo por ter espalhado o boato de que estava morto. Rebeca se surpreende ao ver Liliana e se preocupa quando a chama de hiena.<\/p>\n<p>.Eduardo explica para Jacinto e Margarida o motivo pelo qual fingiu sua morte. Oregon telefona para Rebeca dizendo que foi obrigado a liberar a sa\u00edda de Liliana da cl\u00ednica e pede que conversem pessoalmente.<\/p>\n<p>Aurora, com a ajuda de Santiago, procura nos livros de registro civil sua certid\u00e3o de nascimento e se emociona quando encontra um documento no qual Dominga afirma que a levou para que fosse registrada e que sua m\u00e3e se chamava Rebeca Sanchez Fruto. Eduardo vai at\u00e9 a cl\u00ednica e exige que Oregon traga Liliana de volta o mais r\u00e1pido poss\u00edvel. Nesse momento chega Rebeca e se surpreende quando ele diz que est\u00e1 sendo pressionado por Eduardo. Santiago pergunta a Dominga onde est\u00e3o os pais de Aurora.<\/p>\n<p>Dominga, desconfiada, pergunta o que ganharia pela informa\u00e7\u00e3o e ele responde que lhe dar\u00e1 o quanto precisar. Eduardo fica chocado ao ouvir Rebeca dizer que Liliana precisa morrer. Camilo procura Jacinto para saber sobre Franco Santoro e fica irritado quando ouve que nada fora investigado. Camilo diz que ele mesmo vai descobrir quem \u00e9 Franco Santoro. Eduardo pressiona Oregon e diz que se n\u00e3o trouxer Liliana de volta imediatamente contar\u00e1 aos Elizalde os maus tratos que Liliana sofre na cl\u00ednica e para a vi\u00fava de Ciro dir\u00e1 que ele morreu por sua culpa.<\/p>\n<p>Completamente b\u00eabado, Vladimir telefona para Adriano e conta que ele \u00e9 o pai do filho que Priscila est\u00e1 esperando e pede sua ajuda para ficar com ela. Adriano se recusa a interferir em assuntos do casal e Vladimir conta que An\u00edbal \u00e9 est\u00e9ril. Sozinha com a enteada, Rebeca diz a Liliana para nunca mais voltar \u00e0 fazenda, caso contr\u00e1rio seu pai morrer\u00e1. Ren\u00ea, o empregado contratado por Art\u00eamio, chega ao povoado perguntando por Franco Santoro. Eduardo visita Silvestre e ao chegar l\u00e1 o encontra ferido ca\u00eddo.<\/p>\n<p>(*) edi\u00e7\u00e3o das novelas do SBT, \u201cAmanh\u00e3 \u00e9 para sempre\u201d, sujeito a altera\u00e7\u00e3o de data e conte\u00fado.<\/p>\n<p>Sinopse \u201cAmanh\u00e3 \u00e9 para sempre\u201d: Fernanda \u00e9 a filha ca\u00e7ula do fazendeiro Gon\u00e7alo Elizalde, dono de uma grande companhia leiteira, e Eduardo \u00e9 filho de Soledade, a governanta da fam\u00edlia Elizalde. As duas crian\u00e7as t\u00eam crescido juntas e unidas por um amor inocente e justo, apesar da diferen\u00e7a de classes sociais.<\/p>\n<p>Gon\u00e7alo vive feliz com sua esposa Montserrat e seus cinco filhos, sem suspeitar que um inimigo implac\u00e1vel acerca aos seus. Art\u00eamio Bravo sente um \u00f3dio intenso e amargo de Gon\u00e7alo, que tem corro\u00eddo sua mente e, sua \u00fanica meta \u00e9 destruir, lenta e dolorosamente, toda a fam\u00edlia Elizalde.<\/p>\n","protected":false},"excerpt":{"rendered":"<p>Resumo da novela \u201cAmanh\u00e3 \u00e9 para sempre\u201d em 24\/01: no cap\u00edtulo 041(*) da novela, Aurora vai com Santiago at\u00e9 o convento onde ela estudou na tentativa de descobrir o paradeiro de sua m\u00e3e, mas a madre explica que quando Dominga a levou s\u00f3 informou seu nome e data de nascimento. Art\u00eamio contrata um homem chamado [&hellip;]<\/p>\n","protected":false},"author":2,"featured_media":212996,"comment_status":"closed","ping_status":"closed","sticky":false,"template":"","format":"standard","meta":{"tdm_status":"","tdm_grid_status":"","footnotes":""},"categories":[2228,379,2025,372,343],"tags":[441],"class_list":{"0":"post-215079","1":"post","2":"type-post","3":"status-publish","4":"format-standard","5":"has-post-thumbnail","7":"category-amanha-e-para-sempre","8":"category-novelas","9":"category-resumo","10":"category-sbt","11":"category-televisao","12":"tag-resumo-do-dia"},"_links":{"self":[{"href":"https:\/\/migracao.redenoticia.com.br\/noticia\/wp-json\/wp\/v2\/posts\/215079","targetHints":{"allow":["GET"]}}],"collection":[{"href":"https:\/\/migracao.redenoticia.com.br\/noticia\/wp-json\/wp\/v2\/posts"}],"about":[{"href":"https:\/\/migracao.redenoticia.com.br\/noticia\/wp-json\/wp\/v2\/types\/post"}],"author":[{"embeddable":true,"href":"https:\/\/migracao.redenoticia.com.br\/noticia\/wp-json\/wp\/v2\/users\/2"}],"replies":[{"embeddable":true,"href":"https:\/\/migracao.redenoticia.com.br\/noticia\/wp-json\/wp\/v2\/comments?post=215079"}],"version-history":[{"count":0,"href":"https:\/\/migracao.redenoticia.com.br\/noticia\/wp-json\/wp\/v2\/posts\/215079\/revisions"}],"wp:featuredmedia":[{"embeddable":true,"href":"https:\/\/migracao.redenoticia.com.br\/noticia\/wp-json\/wp\/v2\/media\/212996"}],"wp:attachment":[{"href":"https:\/\/migracao.redenoticia.com.br\/noticia\/wp-json\/wp\/v2\/media?parent=215079"}],"wp:term":[{"taxonomy":"category","embeddable":true,"href":"https:\/\/migracao.redenoticia.com.br\/noticia\/wp-json\/wp\/v2\/categories?post=215079"},{"taxonomy":"post_tag","embeddable":true,"href":"https:\/\/migracao.redenoticia.com.br\/noticia\/wp-json\/wp\/v2\/tags?post=215079"}],"curies":[{"name":"wp","href":"https:\/\/api.w.org\/{rel}","templated":true}]}}