{"id":21509,"date":"2010-01-10T22:24:08","date_gmt":"2010-01-11T02:24:08","guid":{"rendered":"http:\/\/www.redenoticia.com.br\/noticia\/?p=21509"},"modified":"2010-01-13T22:08:32","modified_gmt":"2010-01-14T02:08:32","slug":"rede-record-mostra-eliminacao-de-sheila-mello-em-a-fazenda-1001","status":"publish","type":"post","link":"https:\/\/migracao.redenoticia.com.br\/noticia\/2010\/rede-record-mostra-eliminacao-de-sheila-mello-em-a-fazenda-1001\/21509","title":{"rendered":"Rede Record mostra elimina\u00e7\u00e3o de Sheila Mello em A Fazenda (10\/01)"},"content":{"rendered":"<p><img loading=\"lazy\" decoding=\"async\" class=\"alignleft size-full wp-image-17419\" title=\"a fazenda\" src=\"https:\/\/migracao.redenoticia.com.br\/noticia\/imagens\/a-fazenda.jpg\" alt=\"\" width=\"300\" height=\"193\" srcset=\"https:\/\/migracao.redenoticia.com.br\/noticia\/imagens\/a-fazenda.jpg 300w, https:\/\/migracao.redenoticia.com.br\/noticia\/imagens\/a-fazenda-250x160.jpg 250w, https:\/\/migracao.redenoticia.com.br\/noticia\/imagens\/a-fazenda-150x96.jpg 150w\" sizes=\"auto, (max-width: 300px) 100vw, 300px\" \/>A <strong><em>Rede Record<\/em><\/strong> mostrou mais uma elimina\u00e7\u00e3o, a oitava em A Fazenda, disputada por Karina Bachi, Sheila Mello e Andr\u00e9 Segatti. Karina foi parar na ro\u00e7a pelo voto da fazendeira Cacau Melo, Sheila foi a mais votada pelos pe\u00f5es e Andr\u00e9 perdeu o jogo semanal. Karina foi a primeira liberada pela Rede Record e Andr\u00e9 foi salvo com a vota\u00e7\u00e3o maior em Sheila.<\/p>\n<p>A Rede Record tamb\u00e9m mostrou o momento em que os pe\u00f5es falaram sobre a prefer\u00eancia de elimina\u00e7\u00e3o e o motivo. Andr\u00e9 optou por Sheila, porque ele tem uma identidade art\u00edstica com Karina. Sheila optou por Karina, por ela n\u00e3o ter entendido um voto anterior e ter feito um coment\u00e1rio errado. Karina optou por Sheila pelo mesmo motivo de Andr\u00e9. No final do programa, Sheila escolheu o Fazendeiro da Semana em A Fazenda entre Leozinho, Mateus e Andr\u00e9. Sheila optou por Leozinho, protegido mais uma vez da ro\u00e7a.<\/p>\n<p>Esta semana a Rede Record deve investir em disputas, situa\u00e7\u00f5es emocionantes e pr\u00eamios para competir com os novos programas em emissoras concorrentes. Foram formados dois novos grupos: a equipe minhoca foi formada por Mateus, Igor e Cacau e o grupo marreco foi formado por Andr\u00e9, Karina e Leozinho.<\/p>\n<p>Rede Record \u2013 A Fazenda<\/p>\n","protected":false},"excerpt":{"rendered":"<p>A Rede Record mostrou mais uma elimina\u00e7\u00e3o, a oitava em A Fazenda, disputada por Karina Bachi, Sheila Mello e Andr\u00e9 Segatti. Karina foi parar na ro\u00e7a pelo voto da fazendeira Cacau Melo, Sheila foi a mais votada pelos pe\u00f5es e Andr\u00e9 perdeu o jogo semanal. Karina foi a primeira liberada pela Rede Record e Andr\u00e9 [&hellip;]<\/p>\n","protected":false},"author":3,"featured_media":0,"comment_status":"open","ping_status":"open","sticky":false,"template":"","format":"standard","meta":{"tdm_status":"","tdm_grid_status":"","footnotes":""},"categories":[22,371,343],"tags":[],"class_list":{"0":"post-21509","1":"post","2":"type-post","3":"status-publish","4":"format-standard","6":"category-brasil","7":"category-rede-record","8":"category-televisao"},"_links":{"self":[{"href":"https:\/\/migracao.redenoticia.com.br\/noticia\/wp-json\/wp\/v2\/posts\/21509","targetHints":{"allow":["GET"]}}],"collection":[{"href":"https:\/\/migracao.redenoticia.com.br\/noticia\/wp-json\/wp\/v2\/posts"}],"about":[{"href":"https:\/\/migracao.redenoticia.com.br\/noticia\/wp-json\/wp\/v2\/types\/post"}],"author":[{"embeddable":true,"href":"https:\/\/migracao.redenoticia.com.br\/noticia\/wp-json\/wp\/v2\/users\/3"}],"replies":[{"embeddable":true,"href":"https:\/\/migracao.redenoticia.com.br\/noticia\/wp-json\/wp\/v2\/comments?post=21509"}],"version-history":[{"count":0,"href":"https:\/\/migracao.redenoticia.com.br\/noticia\/wp-json\/wp\/v2\/posts\/21509\/revisions"}],"wp:attachment":[{"href":"https:\/\/migracao.redenoticia.com.br\/noticia\/wp-json\/wp\/v2\/media?parent=21509"}],"wp:term":[{"taxonomy":"category","embeddable":true,"href":"https:\/\/migracao.redenoticia.com.br\/noticia\/wp-json\/wp\/v2\/categories?post=21509"},{"taxonomy":"post_tag","embeddable":true,"href":"https:\/\/migracao.redenoticia.com.br\/noticia\/wp-json\/wp\/v2\/tags?post=21509"}],"curies":[{"name":"wp","href":"https:\/\/api.w.org\/{rel}","templated":true}]}}