{"id":2151,"date":"2009-06-10T13:04:05","date_gmt":"2009-06-10T17:04:05","guid":{"rendered":"http:\/\/www.redenoticia.com.br\/noticia\/?p=2151"},"modified":"2009-06-19T14:34:11","modified_gmt":"2009-06-19T18:34:11","slug":"campanha-de-reciclagem-recolhe-pilhas-e-baterias-em-ji-parana","status":"publish","type":"post","link":"https:\/\/migracao.redenoticia.com.br\/noticia\/2009\/campanha-de-reciclagem-recolhe-pilhas-e-baterias-em-ji-parana\/2151","title":{"rendered":"Campanha de reciclagem recolhe pilhas e baterias em Ji-Paran\u00e1"},"content":{"rendered":"<p class=\"MsoNormal\"><span style=\"font-size: 11pt; font-family: Arial; color: #333333;\"><a href=\"https:\/\/migracao.redenoticia.com.br\/noticia\/imagens\/\/recicle.jpg\"><img loading=\"lazy\" decoding=\"async\" class=\"alignleft size-medium wp-image-2157\" title=\"recicle\" src=\"https:\/\/migracao.redenoticia.com.br\/noticia\/imagens\/\/recicle-249x187.jpg\" alt=\"recicle\" width=\"249\" height=\"187\" \/><\/a>A Secret\u00e1ria do Meio Ambiente de Rond\u00f4nia (SEDAM) lan\u00e7ou em Ji-Paran\u00e1 uma campanha permanente para recolher as pilhas e baterias de celular usadas. <\/span><\/p>\n<p class=\"MsoNormal\"><span style=\"font-size: 11pt; font-family: Arial; color: #333333;\">O projeto prev\u00ea postos de recebimento em diversos pontos da cidade, os quais contar\u00e3o com recipientes apropriados para acondicionar o material usado.<\/span><\/p>\n<p class=\"MsoNormal\"><span style=\"font-size: 11pt; font-family: Arial; color: #333333;\">A SEDAM atender\u00e1 os postos de recolhimento e substituir\u00e1 os recipientes sempre que acionada, al\u00e9m de fazer o contato com as ind\u00fastrias de reciclagem do material.<\/span><\/p>\n<p class=\"MsoNormal\"><span style=\"font-size: 11pt; font-family: Arial; color: #333333;\">Fernando Andreollo, profissional especializado da SEDAM Ji-Paran\u00e1, far\u00e1 palestras nas escolas para divulgar a campanha e conscientizar a comunidade.<span> <\/span><\/span><\/p>\n<p><span style=\"font-size: 11pt; font-family: Arial; color: #333333;\">O in\u00edcio do ciclo de palestras ser\u00e1 nesta segunda e ter\u00e7a (01 e 02 de junho) na escola Julio Guerra.<\/span><\/p>\n","protected":false},"excerpt":{"rendered":"<p>A Secret\u00e1ria do Meio Ambiente de Rond\u00f4nia (SEDAM) lan\u00e7ou em Ji-Paran\u00e1 uma campanha permanente para recolher as pilhas e baterias de celular usadas. O projeto prev\u00ea postos de recebimento em diversos pontos da cidade, os quais contar\u00e3o com recipientes apropriados para acondicionar o material usado. A SEDAM atender\u00e1 os postos de recolhimento e substituir\u00e1 os [&hellip;]<\/p>\n","protected":false},"author":3,"featured_media":0,"comment_status":"open","ping_status":"open","sticky":false,"template":"","format":"standard","meta":{"tdm_status":"","tdm_grid_status":"","footnotes":""},"categories":[22],"tags":[],"class_list":{"0":"post-2151","1":"post","2":"type-post","3":"status-publish","4":"format-standard","6":"category-brasil"},"_links":{"self":[{"href":"https:\/\/migracao.redenoticia.com.br\/noticia\/wp-json\/wp\/v2\/posts\/2151","targetHints":{"allow":["GET"]}}],"collection":[{"href":"https:\/\/migracao.redenoticia.com.br\/noticia\/wp-json\/wp\/v2\/posts"}],"about":[{"href":"https:\/\/migracao.redenoticia.com.br\/noticia\/wp-json\/wp\/v2\/types\/post"}],"author":[{"embeddable":true,"href":"https:\/\/migracao.redenoticia.com.br\/noticia\/wp-json\/wp\/v2\/users\/3"}],"replies":[{"embeddable":true,"href":"https:\/\/migracao.redenoticia.com.br\/noticia\/wp-json\/wp\/v2\/comments?post=2151"}],"version-history":[{"count":0,"href":"https:\/\/migracao.redenoticia.com.br\/noticia\/wp-json\/wp\/v2\/posts\/2151\/revisions"}],"wp:attachment":[{"href":"https:\/\/migracao.redenoticia.com.br\/noticia\/wp-json\/wp\/v2\/media?parent=2151"}],"wp:term":[{"taxonomy":"category","embeddable":true,"href":"https:\/\/migracao.redenoticia.com.br\/noticia\/wp-json\/wp\/v2\/categories?post=2151"},{"taxonomy":"post_tag","embeddable":true,"href":"https:\/\/migracao.redenoticia.com.br\/noticia\/wp-json\/wp\/v2\/tags?post=2151"}],"curies":[{"name":"wp","href":"https:\/\/api.w.org\/{rel}","templated":true}]}}