{"id":21523,"date":"2010-01-11T21:39:14","date_gmt":"2010-01-12T01:39:14","guid":{"rendered":"http:\/\/www.redenoticia.com.br\/noticia\/?p=21523"},"modified":"2010-01-12T19:25:17","modified_gmt":"2010-01-12T23:25:17","slug":"previsao-do-tempo-e-temperatura-para-esta-terca-feira-1201","status":"publish","type":"post","link":"https:\/\/migracao.redenoticia.com.br\/noticia\/2010\/previsao-do-tempo-e-temperatura-para-esta-terca-feira-1201\/21523","title":{"rendered":"Previs\u00e3o do tempo e temperatura para esta ter\u00e7a-feira (12\/01)"},"content":{"rendered":"<p><strong><em><img loading=\"lazy\" decoding=\"async\" class=\"alignleft size-full wp-image-21074\" title=\"previsao tempo nebulosidade 2\" src=\"https:\/\/migracao.redenoticia.com.br\/noticia\/imagens\/previsao-tempo-nebulosidade-21.jpg\" alt=\"\" width=\"300\" height=\"193\" srcset=\"https:\/\/migracao.redenoticia.com.br\/noticia\/imagens\/previsao-tempo-nebulosidade-21.jpg 300w, https:\/\/migracao.redenoticia.com.br\/noticia\/imagens\/previsao-tempo-nebulosidade-21-250x160.jpg 250w, https:\/\/migracao.redenoticia.com.br\/noticia\/imagens\/previsao-tempo-nebulosidade-21-150x96.jpg 150w\" sizes=\"auto, (max-width: 300px) 100vw, 300px\" \/>Previs\u00e3o do tempo<\/em><\/strong> \u2013 segundo a meteorologia CPTEC\/INPE, nesta ter\u00e7a-feira (12\/01) ocorrer\u00e3o chuvas fortes localizadas sobre o o sul e norte do RS, SC, PR, MS, SP, extremo sul de MG, MS, MT, extremo sul e norte de GO, AC, RO, centro-sul do AM, TO, centro-sul e leste do PA, centro-sul do MA e do PI e o oeste da BA.<\/p>\n<p>Previs\u00e3o do tempo na Regi\u00e3o Centro- Oeste em 12\/01\/2010: No leste de GO: sol com varia\u00e7\u00e3o de nuvens e uma pequena possibilidade de pancadas isoladas de chuva. Nas demais \u00e1reas de GO: sol com varia\u00e7\u00e3o de nuvens e pancadas isoladas de chuva. Nas demais \u00e1reas da Regi\u00e3o: nublado com pancadas de chuva localmente forte. As temperaturas seguir\u00e3o est\u00e1veis. Temperatura m\u00e1xima: 30C no leste de MT. Temperatura m\u00ednima: 16C em GO.<\/p>\n<p>Previs\u00e3o do tempo na Regi\u00e3o Nordeste em 12\/01\/2010: No centro-sul do MA e na parte central do PI: nublado com pancadas de chuva localmente forte a qualquer hora. No sul da BA, no norte do CE, no norte e leste do RN: sol entre poucas nuvens. No norte do MA, no sudoeste e nordeste da BA, oeste de SE, de AL, centro-leste de PE e de AL: sol com nebulosidade vari\u00e1vel e uma pequena possibilidade de pancadas isoladas de chuva. Nas demais \u00e1reas da Regi\u00e3o: sol com varia\u00e7\u00e3o de nuvens e pancadas isoladas de chuva. As temperaturas seguir\u00e3o est\u00e1veis. Temperatura m\u00e1xima: 35C no CE. Temperatura m\u00ednima: 16C no sul da BA.<\/p>\n<p>Previs\u00e3o do tempo na Regi\u00e3o Norte em 12\/01\/2010: No sudeste do TO, no AP e no noroeste do PA: sol com varia\u00e7\u00e3o de nuvens e pancadas de chuva. No centro-norte de RR: sol entre poucas nuvens. No norte do AM e no sul de RR: sol com nebulosidade vari\u00e1vel e uma pequena possibilidade de pancadas isoladas de chuva. Nas demais \u00e1reas: sol entre muitas nuvens e pancadas de chuva possivelmente forte. As temperaturas continuar\u00e3o est\u00e1veis. Temperatura m\u00e1xima: 35C no norte do AM. Temperatura m\u00ednima: 17C no nordeste de RR.<\/p>\n<p>Previs\u00e3o do tempo na Regi\u00e3o Sudeste em 12\/01\/2010: No sul e no sudoeste de SP: nublado com pancadas de chuva a qualquer hora do dia. No norte do RJ, no ES e no leste de MG: sol entre poucas nuvens. Nas demais \u00e1reas de SP e no centro-sul de MG: sol com varia\u00e7\u00e3o de nuvens e pancadas isoladas de chuva \u00e0 tarde. Nas demais \u00e1reas da Regi\u00e3o: sol com nebulosidade vari\u00e1vel e uma pequena possibilidade de pancadas de chuva \u00e0 tarde. As temperaturas seguir\u00e3o est\u00e1veis. Temperatura m\u00e1xima: 32C no norte do RJ. Temperatura m\u00ednima: 15C na Serra da Mantiqueira.<\/p>\n<p>Previs\u00e3o do tempo na Regi\u00e3o Sul em 12\/01\/2010: No centro-sul do RS: sol com varia\u00e7\u00e3o de nuvens e pancadas isoladas de chuva \u00e0 tarde. Nas demais \u00e1reas da Regi\u00e3o: nublado com pancadas de chuva localmente forte a qualquer hora do dia. H\u00e1 previs\u00e3o de ventos fortes para o litoral do RS. As temperaturas estar\u00e3o est\u00e1veis na Regi\u00e3o. Temperatura m\u00e1xima: 32C no sul do RS. Temperatura m\u00ednima: 18C na parte central de SC.<\/p>\n<p>\u00a0Previs\u00e3o do tempo CPTEC\/INPE<\/p>\n","protected":false},"excerpt":{"rendered":"<p>Previs\u00e3o do tempo \u2013 segundo a meteorologia CPTEC\/INPE, nesta ter\u00e7a-feira (12\/01) ocorrer\u00e3o chuvas fortes localizadas sobre o o sul e norte do RS, SC, PR, MS, SP, extremo sul de MG, MS, MT, extremo sul e norte de GO, AC, RO, centro-sul do AM, TO, centro-sul e leste do PA, centro-sul do MA e do [&hellip;]<\/p>\n","protected":false},"author":3,"featured_media":0,"comment_status":"open","ping_status":"open","sticky":false,"template":"","format":"standard","meta":{"tdm_status":"","tdm_grid_status":"","footnotes":""},"categories":[22,327,376],"tags":[],"class_list":{"0":"post-21523","1":"post","2":"type-post","3":"status-publish","4":"format-standard","6":"category-brasil","7":"category-clima","8":"category-clima-brasil"},"_links":{"self":[{"href":"https:\/\/migracao.redenoticia.com.br\/noticia\/wp-json\/wp\/v2\/posts\/21523","targetHints":{"allow":["GET"]}}],"collection":[{"href":"https:\/\/migracao.redenoticia.com.br\/noticia\/wp-json\/wp\/v2\/posts"}],"about":[{"href":"https:\/\/migracao.redenoticia.com.br\/noticia\/wp-json\/wp\/v2\/types\/post"}],"author":[{"embeddable":true,"href":"https:\/\/migracao.redenoticia.com.br\/noticia\/wp-json\/wp\/v2\/users\/3"}],"replies":[{"embeddable":true,"href":"https:\/\/migracao.redenoticia.com.br\/noticia\/wp-json\/wp\/v2\/comments?post=21523"}],"version-history":[{"count":0,"href":"https:\/\/migracao.redenoticia.com.br\/noticia\/wp-json\/wp\/v2\/posts\/21523\/revisions"}],"wp:attachment":[{"href":"https:\/\/migracao.redenoticia.com.br\/noticia\/wp-json\/wp\/v2\/media?parent=21523"}],"wp:term":[{"taxonomy":"category","embeddable":true,"href":"https:\/\/migracao.redenoticia.com.br\/noticia\/wp-json\/wp\/v2\/categories?post=21523"},{"taxonomy":"post_tag","embeddable":true,"href":"https:\/\/migracao.redenoticia.com.br\/noticia\/wp-json\/wp\/v2\/tags?post=21523"}],"curies":[{"name":"wp","href":"https:\/\/api.w.org\/{rel}","templated":true}]}}