{"id":21525,"date":"2010-01-11T21:37:55","date_gmt":"2010-01-12T01:37:55","guid":{"rendered":"http:\/\/www.redenoticia.com.br\/noticia\/?p=21525"},"modified":"2010-01-12T19:25:44","modified_gmt":"2010-01-12T23:25:44","slug":"meteorologia-divulga-previsao-do-tempo-para-esta-terca-feira-1201","status":"publish","type":"post","link":"https:\/\/migracao.redenoticia.com.br\/noticia\/2010\/meteorologia-divulga-previsao-do-tempo-para-esta-terca-feira-1201\/21525","title":{"rendered":"Meteorologia divulga previs\u00e3o do tempo para esta ter\u00e7a-feira (12\/01)"},"content":{"rendered":"<p><strong><em><img loading=\"lazy\" decoding=\"async\" class=\"alignleft size-full wp-image-21066\" title=\"previsao tempo nebulosidade\" src=\"https:\/\/migracao.redenoticia.com.br\/noticia\/imagens\/previsao-tempo-nebulosidade.jpg\" alt=\"\" width=\"300\" height=\"193\" srcset=\"https:\/\/migracao.redenoticia.com.br\/noticia\/imagens\/previsao-tempo-nebulosidade.jpg 300w, https:\/\/migracao.redenoticia.com.br\/noticia\/imagens\/previsao-tempo-nebulosidade-250x160.jpg 250w, https:\/\/migracao.redenoticia.com.br\/noticia\/imagens\/previsao-tempo-nebulosidade-150x96.jpg 150w\" sizes=\"auto, (max-width: 300px) 100vw, 300px\" \/>Previs\u00e3o do tempo<\/em><\/strong> para esta ter\u00e7a-feira (12\/01). Segundo a <strong><em>Meteorologia<\/em><\/strong>, no Norte a previs\u00e3o do tempo \u00e9 de c\u00e9u encoberto com per\u00edodos de nublado com pancadas de chuva e trovoadas isoladas no Acre, Amap\u00e1, norte, centro\/sul e nordeste do Amazonas, Par\u00e1, Rond\u00f4nia e Tocantins. Demais \u00e1reas nebulosidade vari\u00e1vel. Temperatura: \u00a0estavel max.:\u00a036\u00b0c \u00a0 min.: \u00a021\u00b0c. No Centro-Oeste a previs\u00e3o de tempo indica que o c\u00e9u nublado com pancadas de chuva e trovoadas isoladas em Goi\u00e1s, Mato Grosso e Mato Grosso do Sul. Pode chover no Distrito Federal. Temperatura: \u00a0estavel max.:\u00a034\u00b0c \u00a0 min.:\u00a017\u00b0c.<\/p>\n<p>Na regi\u00e3o Sul a previs\u00e3o do tempo \u00e9 parcialmente nublado a nublado com pancadas de chuva e trovoadas isoladas em Paran\u00e1, Rio Grande do Sul e em Santa Catarina. Temperatura: \u00a0estavel max.:\u00a033\u00b0c \u00a0 min.:\u00a016\u00b0C. No Nordeste a previs\u00e3o do tempo\u00a0indica o tempo nublado a parcialmente nublado com chuva em \u00e1reas isoladas no oeste, chapada e rec\u00f4ncavo na Bahia, na Para\u00edba, em Pernambuco, sul do Cear\u00e1 e no Piau\u00ed. Demais \u00e1reas sol com nebulosidade vari\u00e1vel com possibilidade de chuvas isoladas. Temperatura: \u00a0estavel max.:\u00a035\u00b0c \u00a0 min.:\u00a018\u00b0c.<\/p>\n<p>No Sudeste, previs\u00e3o de tempo indica que o c\u00e9u estar\u00e1 nublado com pancadas de chuva e trovoadas isoladas em S\u00e3o Paulo e em Minas Gerais. Demais \u00e1reas sol com poucas nuvens. Temperatura: \u00a0estavel max.:\u00a038\u00b0c \u00a0 min.:\u00a015\u00b0c.<\/p>\n<p>Previs\u00e3o de tempo INMET<\/p>\n","protected":false},"excerpt":{"rendered":"<p>Previs\u00e3o do tempo para esta ter\u00e7a-feira (12\/01). Segundo a Meteorologia, no Norte a previs\u00e3o do tempo \u00e9 de c\u00e9u encoberto com per\u00edodos de nublado com pancadas de chuva e trovoadas isoladas no Acre, Amap\u00e1, norte, centro\/sul e nordeste do Amazonas, Par\u00e1, Rond\u00f4nia e Tocantins. Demais \u00e1reas nebulosidade vari\u00e1vel. Temperatura: \u00a0estavel max.:\u00a036\u00b0c \u00a0 min.: \u00a021\u00b0c. No [&hellip;]<\/p>\n","protected":false},"author":3,"featured_media":0,"comment_status":"open","ping_status":"open","sticky":false,"template":"","format":"standard","meta":{"tdm_status":"","tdm_grid_status":"","footnotes":""},"categories":[22,327,376],"tags":[],"class_list":{"0":"post-21525","1":"post","2":"type-post","3":"status-publish","4":"format-standard","6":"category-brasil","7":"category-clima","8":"category-clima-brasil"},"_links":{"self":[{"href":"https:\/\/migracao.redenoticia.com.br\/noticia\/wp-json\/wp\/v2\/posts\/21525","targetHints":{"allow":["GET"]}}],"collection":[{"href":"https:\/\/migracao.redenoticia.com.br\/noticia\/wp-json\/wp\/v2\/posts"}],"about":[{"href":"https:\/\/migracao.redenoticia.com.br\/noticia\/wp-json\/wp\/v2\/types\/post"}],"author":[{"embeddable":true,"href":"https:\/\/migracao.redenoticia.com.br\/noticia\/wp-json\/wp\/v2\/users\/3"}],"replies":[{"embeddable":true,"href":"https:\/\/migracao.redenoticia.com.br\/noticia\/wp-json\/wp\/v2\/comments?post=21525"}],"version-history":[{"count":0,"href":"https:\/\/migracao.redenoticia.com.br\/noticia\/wp-json\/wp\/v2\/posts\/21525\/revisions"}],"wp:attachment":[{"href":"https:\/\/migracao.redenoticia.com.br\/noticia\/wp-json\/wp\/v2\/media?parent=21525"}],"wp:term":[{"taxonomy":"category","embeddable":true,"href":"https:\/\/migracao.redenoticia.com.br\/noticia\/wp-json\/wp\/v2\/categories?post=21525"},{"taxonomy":"post_tag","embeddable":true,"href":"https:\/\/migracao.redenoticia.com.br\/noticia\/wp-json\/wp\/v2\/tags?post=21525"}],"curies":[{"name":"wp","href":"https:\/\/api.w.org\/{rel}","templated":true}]}}