{"id":215276,"date":"2022-01-26T15:47:16","date_gmt":"2022-01-26T18:47:16","guid":{"rendered":"https:\/\/www.redenoticia.com.br\/noticia\/?p=215276"},"modified":"2022-01-26T15:47:16","modified_gmt":"2022-01-26T18:47:16","slug":"novela-malhacao-sonhos-27-01-lobao-faz-karina-de-refem","status":"publish","type":"post","link":"https:\/\/migracao.redenoticia.com.br\/noticia\/2022\/novela-malhacao-sonhos-27-01-lobao-faz-karina-de-refem\/215276","title":{"rendered":"Novela &#8220;Malha\u00e7\u00e3o&#8221; Sonhos 27\/01: Lob\u00e3o faz Karina de ref\u00e9m"},"content":{"rendered":"<p><img loading=\"lazy\" decoding=\"async\" class=\"aligncenter size-full wp-image-202688\" src=\"https:\/\/migracao.redenoticia.com.br\/noticia\/imagens\/malhacao-sonhos-elenco-protagonistas.jpg\" alt=\"\" width=\"1280\" height=\"720\" srcset=\"https:\/\/migracao.redenoticia.com.br\/noticia\/imagens\/malhacao-sonhos-elenco-protagonistas.jpg 1280w, https:\/\/migracao.redenoticia.com.br\/noticia\/imagens\/malhacao-sonhos-elenco-protagonistas-250x140.jpg 250w, https:\/\/migracao.redenoticia.com.br\/noticia\/imagens\/malhacao-sonhos-elenco-protagonistas-400x225.jpg 400w, https:\/\/migracao.redenoticia.com.br\/noticia\/imagens\/malhacao-sonhos-elenco-protagonistas-768x432.jpg 768w, https:\/\/migracao.redenoticia.com.br\/noticia\/imagens\/malhacao-sonhos-elenco-protagonistas-150x85.jpg 150w\" sizes=\"auto, (max-width: 1280px) 100vw, 1280px\" \/><\/p>\n<p><em><strong>Resumo da novela &#8220;Malha\u00e7\u00e3o&#8221; Sonhos<\/strong><\/em> em 27\/01: no cap\u00edtulo 172(*) da novela, Lob\u00e3o leva Karina para a f\u00e1brica sem que ningu\u00e9m o veja. Pedro \u00e9 convidado para tocar na turn\u00ea de Kathryn Dean. Lob\u00e3o diz a Luiz que Karina \u00e9 a isca para pegar Gael. Paulo sugere a Josefina incendiar a f\u00e1brica.<\/p>\n<p>Lob\u00e3o avisa a Gael que Karina \u00e9 sua ref\u00e9m. Lob\u00e3o amea\u00e7a Gael. Gael decide esperar o contato de Lob\u00e3o. Gael manda Bianca e Duca irem para casa. Karina percebe que \u00e9 ref\u00e9m de Lob\u00e3o na Ribalta. Gael conta para Bianca que Lob\u00e3o sequestrou Karina.<\/p>\n<p>Josefina e Paulo se preparam para incendiar a f\u00e1brica. Lob\u00e3o marca encontro com Gael. Ningu\u00e9m consegue dormir na casa de Duca. Josefina v\u00ea Pedro na pra\u00e7a e decide entrar na f\u00e1brica pelos fundos. Nat segue Gael em encontro com Lob\u00e3o. Paulo invade a f\u00e1brica. Gael encontra Lob\u00e3o e v\u00ea Karina nas m\u00e3os do rival. Paulo acende o fogo na f\u00e1brica. Lob\u00e3o se prepara para o golpe final contra Gael.<\/p>\n<p>(*) edi\u00e7\u00e3o das novelas da Globo, \u201cMalha\u00e7\u00e3o\u201d Sonhos, sujeito a altera\u00e7\u00e3o de data e conte\u00fado.<\/p>\n<p>Sinopse Novela &#8220;Malha\u00e7\u00e3o&#8221; Sonhos: Formar campe\u00f5es e repassar os princ\u00edpios das artes marciais para os alunos s\u00e3o alguns dos sonhos de Gael (Eriberto Le\u00e3o). Duca (Arthur Aguiar) \u00e9 seu melhor atleta. Ele est\u00e1 sempre acompanhado dos amigos Z\u00e9 (Bruno Fraga) e Marc\u00e3o (Jean Amorim). Karina (Isabella Santoni), filha de Gael, n\u00e3o aceita que o pai s\u00f3 tenha olhos para Duca e treina para ser uma grande lutadora. A ca\u00e7ula do mestre \u00e9 apaixonada pelo disc\u00edpulo do pai e n\u00e3o sabe que ele e sua irm\u00e3, Bianca (Bruna Ham\u00fa), est\u00e3o prestes a assumir o namoro.<\/p>\n","protected":false},"excerpt":{"rendered":"<p>Resumo da novela &#8220;Malha\u00e7\u00e3o&#8221; Sonhos em 27\/01: no cap\u00edtulo 172(*) da novela, Lob\u00e3o leva Karina para a f\u00e1brica sem que ningu\u00e9m o veja. Pedro \u00e9 convidado para tocar na turn\u00ea de Kathryn Dean. Lob\u00e3o diz a Luiz que Karina \u00e9 a isca para pegar Gael. Paulo sugere a Josefina incendiar a f\u00e1brica. Lob\u00e3o avisa a [&hellip;]<\/p>\n","protected":false},"author":4,"featured_media":202687,"comment_status":"closed","ping_status":"closed","sticky":false,"template":"","format":"standard","meta":{"tdm_status":"","tdm_grid_status":"","footnotes":""},"categories":[447,379,375,2025,343],"tags":[441],"class_list":{"0":"post-215276","1":"post","2":"type-post","3":"status-publish","4":"format-standard","5":"has-post-thumbnail","7":"category-malhacao","8":"category-novelas","9":"category-rede-globo","10":"category-resumo","11":"category-televisao","12":"tag-resumo-do-dia"},"_links":{"self":[{"href":"https:\/\/migracao.redenoticia.com.br\/noticia\/wp-json\/wp\/v2\/posts\/215276","targetHints":{"allow":["GET"]}}],"collection":[{"href":"https:\/\/migracao.redenoticia.com.br\/noticia\/wp-json\/wp\/v2\/posts"}],"about":[{"href":"https:\/\/migracao.redenoticia.com.br\/noticia\/wp-json\/wp\/v2\/types\/post"}],"author":[{"embeddable":true,"href":"https:\/\/migracao.redenoticia.com.br\/noticia\/wp-json\/wp\/v2\/users\/4"}],"replies":[{"embeddable":true,"href":"https:\/\/migracao.redenoticia.com.br\/noticia\/wp-json\/wp\/v2\/comments?post=215276"}],"version-history":[{"count":0,"href":"https:\/\/migracao.redenoticia.com.br\/noticia\/wp-json\/wp\/v2\/posts\/215276\/revisions"}],"wp:featuredmedia":[{"embeddable":true,"href":"https:\/\/migracao.redenoticia.com.br\/noticia\/wp-json\/wp\/v2\/media\/202687"}],"wp:attachment":[{"href":"https:\/\/migracao.redenoticia.com.br\/noticia\/wp-json\/wp\/v2\/media?parent=215276"}],"wp:term":[{"taxonomy":"category","embeddable":true,"href":"https:\/\/migracao.redenoticia.com.br\/noticia\/wp-json\/wp\/v2\/categories?post=215276"},{"taxonomy":"post_tag","embeddable":true,"href":"https:\/\/migracao.redenoticia.com.br\/noticia\/wp-json\/wp\/v2\/tags?post=215276"}],"curies":[{"name":"wp","href":"https:\/\/api.w.org\/{rel}","templated":true}]}}