{"id":215328,"date":"2022-01-27T13:13:25","date_gmt":"2022-01-27T16:13:25","guid":{"rendered":"https:\/\/www.redenoticia.com.br\/noticia\/?p=215328"},"modified":"2022-01-27T13:13:25","modified_gmt":"2022-01-27T16:13:25","slug":"resumo-o-cravo-e-a-rosa-28-01-petruchio-garante-que-vai-domar-a-fera","status":"publish","type":"post","link":"https:\/\/migracao.redenoticia.com.br\/noticia\/2022\/resumo-o-cravo-e-a-rosa-28-01-petruchio-garante-que-vai-domar-a-fera\/215328","title":{"rendered":"Resumo &#8220;O Cravo e a Rosa&#8221; 28\/01: Petruchio garante que vai domar a fera"},"content":{"rendered":"<p><img loading=\"lazy\" decoding=\"async\" src=\"https:\/\/migracao.redenoticia.com.br\/noticia\/imagens\/o-cravo-e-a-rosa-elenco-resumo-sinopse.jpeg\" alt=\"\" width=\"1280\" height=\"720\" class=\"aligncenter size-full wp-image-213217\" srcset=\"https:\/\/migracao.redenoticia.com.br\/noticia\/imagens\/o-cravo-e-a-rosa-elenco-resumo-sinopse.jpeg 1280w, https:\/\/migracao.redenoticia.com.br\/noticia\/imagens\/o-cravo-e-a-rosa-elenco-resumo-sinopse-250x140.jpeg 250w, https:\/\/migracao.redenoticia.com.br\/noticia\/imagens\/o-cravo-e-a-rosa-elenco-resumo-sinopse-400x225.jpeg 400w, https:\/\/migracao.redenoticia.com.br\/noticia\/imagens\/o-cravo-e-a-rosa-elenco-resumo-sinopse-768x432.jpeg 768w, https:\/\/migracao.redenoticia.com.br\/noticia\/imagens\/o-cravo-e-a-rosa-elenco-resumo-sinopse-150x85.jpeg 150w\" sizes=\"auto, (max-width: 1280px) 100vw, 1280px\" \/><\/p>\n<p><em><strong>Resumo da novela &#8220;O Cravo e a Rosa&#8221;<\/strong><\/em> em 28\/01: no cap\u00edtulo 040(*) da novela, Catarina decide que vai se casar com quem for obediente \u00e0s suas regras. Dinor\u00e1 fica em p\u00e2nico porque Kiki deu com a l\u00edngua nos dentes. Joaquim aguarda Petruchio com um monte de notas e tem um ataque ao pensar que o neg\u00f3cio furou.<\/p>\n<p>Serafim fica pasmo ao saber que Petruchio e Catarina sa\u00edram juntos. Josefa manda Dinor\u00e1 dar uma joia para Kiki. Catarina imp\u00f5e as suas regras, a principal delas \u00e9 ter quartos separados e ser mulher s\u00f3 no papel. Petruchio aceita. Todos brindam pelo casamento. Lindinha, bem falsa, garante que vai ser a melhor amiga de Catarina. Kiki aceita a joia e promete sil\u00eancio. Joaquim d\u00e1 dinheiro para que Dinor\u00e1 acabe com o casamento. Ela procura Petruchio e avisa que Catarina quer que ele puxe uma charrete.<\/p>\n<p>Petruchio pensa nos seus empregados e aceita a humilha\u00e7\u00e3o. Catarina acha que foi ideia dele e adora o passeio. Celso fica sabendo da chantagem de Kiki, e Dinor\u00e1 quer terminar tudo com ele. Bianca briga com a irm\u00e3 que adorou saber que vai ter um marido humilde e cordato. Calixto, Janu\u00e1rio, Lindinha e Neca ficam revoltados, mas se emocionam ao saber que Petruchio fez por eles.<\/p>\n<p>Catarina convida F\u00e1tima para ser a dama de honra do casamento. Celso pressiona Kiki, que prop\u00f5e conversar mais uma vez com Dinor\u00e1. B\u00e1rbara se choca ao ver os desenhos feitos por Raquel. Dalva vibra ao ser chamada para fazer o vestido da noiva. Corn\u00e9lio estranha o nervosismo das mulheres da fam\u00edlia. Petruchio garante a Calixto que depois de casar vai domar a fera.<\/p>\n<p>(*) edi\u00e7\u00e3o das novelas da Globo, &#8220;O Cravo e a Rosa&#8221;, sujeito a altera\u00e7\u00e3o de data e conte\u00fado.<\/p>\n<p>Sinopse &#8220;O Cravo e a Rosa&#8221;: Catarina Batista \u00e9 uma mulher moderna, na r\u00edgida sociedade paulista da d\u00e9cada de 1920, que recusa o papel feminino de se restringir a lavar ceroulas em um tanque. Juli\u00e3o Petruchio \u00e9 um homem rude, para quem a mulher deve ser a &#8220;rainha do lar&#8221;. Duas pessoas t\u00e3o diferentes vivem um romance contradit\u00f3rio.<\/p>\n<p>Conhecida como &#8216;a fera&#8217;, por botar todos os seus pretendentes para correr, Catarina vai esbarrar na teimosia c\u00ednica de Petruchio que, inicialmente, decide conquist\u00e1-la para, com o dote do casamento, salvar sua fazenda de ser hipotecada. Eles acabam se apaixonando, mas n\u00e3o d\u00e3o o bra\u00e7o a torcer, vivenciando cenas muito bem-humoradas de discuss\u00f5es e brigas vulc\u00e2nicas. Ele fingindo-se de &#8216;cordeirinho&#8217;, e ela cada vez mais furiosa com sua insist\u00eancia.<\/p>\n","protected":false},"excerpt":{"rendered":"<p>Resumo da novela &#8220;O Cravo e a Rosa&#8221; em 28\/01: no cap\u00edtulo 040(*) da novela, Catarina decide que vai se casar com quem for obediente \u00e0s suas regras. Dinor\u00e1 fica em p\u00e2nico porque Kiki deu com a l\u00edngua nos dentes. Joaquim aguarda Petruchio com um monte de notas e tem um ataque ao pensar que [&hellip;]<\/p>\n","protected":false},"author":4,"featured_media":213218,"comment_status":"closed","ping_status":"closed","sticky":false,"template":"","format":"standard","meta":{"tdm_status":"","tdm_grid_status":"","footnotes":""},"categories":[379,2227,375,2025,343],"tags":[441],"class_list":{"0":"post-215328","1":"post","2":"type-post","3":"status-publish","4":"format-standard","5":"has-post-thumbnail","7":"category-novelas","8":"category-o-cravo-e-a-rosa","9":"category-rede-globo","10":"category-resumo","11":"category-televisao","12":"tag-resumo-do-dia"},"_links":{"self":[{"href":"https:\/\/migracao.redenoticia.com.br\/noticia\/wp-json\/wp\/v2\/posts\/215328","targetHints":{"allow":["GET"]}}],"collection":[{"href":"https:\/\/migracao.redenoticia.com.br\/noticia\/wp-json\/wp\/v2\/posts"}],"about":[{"href":"https:\/\/migracao.redenoticia.com.br\/noticia\/wp-json\/wp\/v2\/types\/post"}],"author":[{"embeddable":true,"href":"https:\/\/migracao.redenoticia.com.br\/noticia\/wp-json\/wp\/v2\/users\/4"}],"replies":[{"embeddable":true,"href":"https:\/\/migracao.redenoticia.com.br\/noticia\/wp-json\/wp\/v2\/comments?post=215328"}],"version-history":[{"count":0,"href":"https:\/\/migracao.redenoticia.com.br\/noticia\/wp-json\/wp\/v2\/posts\/215328\/revisions"}],"wp:featuredmedia":[{"embeddable":true,"href":"https:\/\/migracao.redenoticia.com.br\/noticia\/wp-json\/wp\/v2\/media\/213218"}],"wp:attachment":[{"href":"https:\/\/migracao.redenoticia.com.br\/noticia\/wp-json\/wp\/v2\/media?parent=215328"}],"wp:term":[{"taxonomy":"category","embeddable":true,"href":"https:\/\/migracao.redenoticia.com.br\/noticia\/wp-json\/wp\/v2\/categories?post=215328"},{"taxonomy":"post_tag","embeddable":true,"href":"https:\/\/migracao.redenoticia.com.br\/noticia\/wp-json\/wp\/v2\/tags?post=215328"}],"curies":[{"name":"wp","href":"https:\/\/api.w.org\/{rel}","templated":true}]}}