{"id":215332,"date":"2022-01-27T13:16:45","date_gmt":"2022-01-27T16:16:45","guid":{"rendered":"https:\/\/www.redenoticia.com.br\/noticia\/?p=215332"},"modified":"2022-01-27T13:16:45","modified_gmt":"2022-01-27T16:16:45","slug":"novela-malhacao-sonhos-28-01-ultimo-capitulo","status":"publish","type":"post","link":"https:\/\/migracao.redenoticia.com.br\/noticia\/2022\/novela-malhacao-sonhos-28-01-ultimo-capitulo\/215332","title":{"rendered":"Novela &#8220;Malha\u00e7\u00e3o&#8221; Sonhos 28\/01: \u00daltimo cap\u00edtulo"},"content":{"rendered":"<p><img loading=\"lazy\" decoding=\"async\" class=\"aligncenter size-full wp-image-202688\" src=\"https:\/\/migracao.redenoticia.com.br\/noticia\/imagens\/malhacao-sonhos-elenco-protagonistas.jpg\" alt=\"\" width=\"1280\" height=\"720\" srcset=\"https:\/\/migracao.redenoticia.com.br\/noticia\/imagens\/malhacao-sonhos-elenco-protagonistas.jpg 1280w, https:\/\/migracao.redenoticia.com.br\/noticia\/imagens\/malhacao-sonhos-elenco-protagonistas-250x140.jpg 250w, https:\/\/migracao.redenoticia.com.br\/noticia\/imagens\/malhacao-sonhos-elenco-protagonistas-400x225.jpg 400w, https:\/\/migracao.redenoticia.com.br\/noticia\/imagens\/malhacao-sonhos-elenco-protagonistas-768x432.jpg 768w, https:\/\/migracao.redenoticia.com.br\/noticia\/imagens\/malhacao-sonhos-elenco-protagonistas-150x85.jpg 150w\" sizes=\"auto, (max-width: 1280px) 100vw, 1280px\" \/><\/p>\n<p><em><strong>Resumo da novela &#8220;Malha\u00e7\u00e3o&#8221; Sonhos<\/strong><\/em> em 28\/01: no cap\u00edtulo 173(*) da novela, Lob\u00e3o e Gael lutam na Ribalta. Pedro descobre que a academia est\u00e1 pegando fogo. Paulo consegue sair antes de o fogo tomar conta da f\u00e1brica. Pedro salva Karina. A galera v\u00ea o fogo na f\u00e1brica e chama os bombeiros.<\/p>\n<p>Duca corre para a f\u00e1brica ao saber que Gael est\u00e1 l\u00e1 dentro. Duca pede que Nat ajude Gael a sair da f\u00e1brica. Nando sofre ao ver sua f\u00e1brica pegando fogo. A f\u00e1brica explode com Gael, Duca, Lob\u00e3o e Nat dentro.<\/p>\n<p>Nat salva Lob\u00e3o durante o inc\u00eandio. Lob\u00e3o \u00e9 preso. Duca agradece a ajuda de Nat. A pol\u00edcia prende Josefina com a ajuda de Joaquina. Os professores da Ribalta discursam sobre a import\u00e2ncia de nunca desistir dos sonhos. A galera n\u00e3o se deixa abater com o inc\u00eandio da f\u00e1brica. Sol arrasa nos palcos. Nat vira campe\u00e3 na sua categoria. Wallace consegue um patroc\u00ednio e viaja para a Tail\u00e2ndia. Karina chega \u00e0 final da Warriors.<\/p>\n<p>Pedro vira um dos melhores guitarristas de sua gera\u00e7\u00e3o. Bianca come\u00e7a a sua carreira na televis\u00e3o. Jo\u00e3o continua fazendo gra\u00e7a em cima dos palcos. Mari segue seu sonho e volta a cantar. Jade encontra sua verdadeira voca\u00e7\u00e3o. Cobra se prepara para uma carreira internacional. Gael decide abrir uma nova academia. A nova Ribalta \u00e9 inaugurada. Lob\u00e3o, Heideguer e Luiz convivem na pris\u00e3o. Gael e Dandara formam uma fam\u00edlia unida.<\/p>\n<p>(*) edi\u00e7\u00e3o das novelas da Globo, \u201cMalha\u00e7\u00e3o\u201d Sonhos, sujeito a altera\u00e7\u00e3o de data e conte\u00fado.<\/p>\n<p>Sinopse Novela &#8220;Malha\u00e7\u00e3o&#8221; Sonhos: Formar campe\u00f5es e repassar os princ\u00edpios das artes marciais para os alunos s\u00e3o alguns dos sonhos de Gael (Eriberto Le\u00e3o). Duca (Arthur Aguiar) \u00e9 seu melhor atleta. Ele est\u00e1 sempre acompanhado dos amigos Z\u00e9 (Bruno Fraga) e Marc\u00e3o (Jean Amorim). Karina (Isabella Santoni), filha de Gael, n\u00e3o aceita que o pai s\u00f3 tenha olhos para Duca e treina para ser uma grande lutadora. A ca\u00e7ula do mestre \u00e9 apaixonada pelo disc\u00edpulo do pai e n\u00e3o sabe que ele e sua irm\u00e3, Bianca (Bruna Ham\u00fa), est\u00e3o prestes a assumir o namoro.<\/p>\n","protected":false},"excerpt":{"rendered":"<p>Resumo da novela &#8220;Malha\u00e7\u00e3o&#8221; Sonhos em 28\/01: no cap\u00edtulo 173(*) da novela, Lob\u00e3o e Gael lutam na Ribalta. Pedro descobre que a academia est\u00e1 pegando fogo. Paulo consegue sair antes de o fogo tomar conta da f\u00e1brica. Pedro salva Karina. A galera v\u00ea o fogo na f\u00e1brica e chama os bombeiros. Duca corre para a [&hellip;]<\/p>\n","protected":false},"author":4,"featured_media":202687,"comment_status":"closed","ping_status":"closed","sticky":false,"template":"","format":"standard","meta":{"tdm_status":"","tdm_grid_status":"","footnotes":""},"categories":[447,379,375,2025,343],"tags":[441],"class_list":{"0":"post-215332","1":"post","2":"type-post","3":"status-publish","4":"format-standard","5":"has-post-thumbnail","7":"category-malhacao","8":"category-novelas","9":"category-rede-globo","10":"category-resumo","11":"category-televisao","12":"tag-resumo-do-dia"},"_links":{"self":[{"href":"https:\/\/migracao.redenoticia.com.br\/noticia\/wp-json\/wp\/v2\/posts\/215332","targetHints":{"allow":["GET"]}}],"collection":[{"href":"https:\/\/migracao.redenoticia.com.br\/noticia\/wp-json\/wp\/v2\/posts"}],"about":[{"href":"https:\/\/migracao.redenoticia.com.br\/noticia\/wp-json\/wp\/v2\/types\/post"}],"author":[{"embeddable":true,"href":"https:\/\/migracao.redenoticia.com.br\/noticia\/wp-json\/wp\/v2\/users\/4"}],"replies":[{"embeddable":true,"href":"https:\/\/migracao.redenoticia.com.br\/noticia\/wp-json\/wp\/v2\/comments?post=215332"}],"version-history":[{"count":0,"href":"https:\/\/migracao.redenoticia.com.br\/noticia\/wp-json\/wp\/v2\/posts\/215332\/revisions"}],"wp:featuredmedia":[{"embeddable":true,"href":"https:\/\/migracao.redenoticia.com.br\/noticia\/wp-json\/wp\/v2\/media\/202687"}],"wp:attachment":[{"href":"https:\/\/migracao.redenoticia.com.br\/noticia\/wp-json\/wp\/v2\/media?parent=215332"}],"wp:term":[{"taxonomy":"category","embeddable":true,"href":"https:\/\/migracao.redenoticia.com.br\/noticia\/wp-json\/wp\/v2\/categories?post=215332"},{"taxonomy":"post_tag","embeddable":true,"href":"https:\/\/migracao.redenoticia.com.br\/noticia\/wp-json\/wp\/v2\/tags?post=215332"}],"curies":[{"name":"wp","href":"https:\/\/api.w.org\/{rel}","templated":true}]}}