{"id":215336,"date":"2022-01-27T13:22:07","date_gmt":"2022-01-27T16:22:07","guid":{"rendered":"https:\/\/www.redenoticia.com.br\/noticia\/?p=215336"},"modified":"2022-01-27T13:22:07","modified_gmt":"2022-01-27T16:22:07","slug":"resumo-quanto-mais-vida-melhor-28-01-nenem-salva-paula-de-um-acidente","status":"publish","type":"post","link":"https:\/\/migracao.redenoticia.com.br\/noticia\/2022\/resumo-quanto-mais-vida-melhor-28-01-nenem-salva-paula-de-um-acidente\/215336","title":{"rendered":"Resumo \u201cQuanto Mais Vida, Melhor\u201d 28\/01: Nen\u00e9m salva Paula de um acidente"},"content":{"rendered":"<p><img loading=\"lazy\" decoding=\"async\" src=\"https:\/\/migracao.redenoticia.com.br\/noticia\/imagens\/quanto-mais-vida-melhor-globo-novela-resumo-elenco-personagens.jpeg\" alt=\"\" width=\"1280\" height=\"720\" class=\"aligncenter size-full wp-image-212546\" srcset=\"https:\/\/migracao.redenoticia.com.br\/noticia\/imagens\/quanto-mais-vida-melhor-globo-novela-resumo-elenco-personagens.jpeg 1280w, https:\/\/migracao.redenoticia.com.br\/noticia\/imagens\/quanto-mais-vida-melhor-globo-novela-resumo-elenco-personagens-250x140.jpeg 250w, https:\/\/migracao.redenoticia.com.br\/noticia\/imagens\/quanto-mais-vida-melhor-globo-novela-resumo-elenco-personagens-400x225.jpeg 400w, https:\/\/migracao.redenoticia.com.br\/noticia\/imagens\/quanto-mais-vida-melhor-globo-novela-resumo-elenco-personagens-768x432.jpeg 768w, https:\/\/migracao.redenoticia.com.br\/noticia\/imagens\/quanto-mais-vida-melhor-globo-novela-resumo-elenco-personagens-150x85.jpeg 150w\" sizes=\"auto, (max-width: 1280px) 100vw, 1280px\" \/><\/p>\n<p><em><strong>Resumo da novela \u201cQuanto Mais Vida, Melhor\u201d<\/strong><\/em> em 28\/01: no cap\u00edtulo 059(*) da novela, Guilherme avisa a Celina que ela ter\u00e1 que sair de casa. Paula v\u00ea a Morte, mas n\u00e3o se intimida. Conrado exige que Roni n\u00e3o descarte a parceria entre os dois quando sair da cadeia.<\/p>\n<p>Fl\u00e1via beija Murilo para provocar Gabriel, sem ver que Ingrid tamb\u00e9m estava olhando. Cabe\u00e7a e Bianca se beijam. Ingrid tem um mau pressentimento com a m\u00e3e. Nen\u00e9m v\u00ea Paula na beirada do terra\u00e7o e corre ao seu encontro. Paula se assusta com os raios que caem pr\u00f3ximos \u00e0 torre da Terrare. Nen\u00e9m salva Paula de um acidente.<\/p>\n<p>(*) edi\u00e7\u00e3o das novelas da Globo, \u201cQuanto Mais Vida, Melhor\u201d, sujeito a altera\u00e7\u00e3o de data e conte\u00fado.<\/p>\n<p>Sinopse \u201cQuanto Mais Vida, Melhor\u201d: Ap\u00f3s morrerem em um acidente a\u00e9reo, Paula (Giovanna Antonelli), Nen\u00e9m (Vladimir Brichta), Fl\u00e1via (Valentina Herszage) e Guilherme (Mateus Solano) recebem uma segunda chance da Morte (Marcella Maia) sob uma condi\u00e7\u00e3o: devem consertar suas vidas e, ap\u00f3s um ano, apenas um deles morrer\u00e1 definitivamente.<\/p>\n<p>Escrita por Mauro Wilson, com colabora\u00e7\u00e3o de Marcelo Gon\u00e7alves, Mariana Torres e Rodrigo Salom\u00e3o, tem dire\u00e7\u00e3o de Ana Paula Guimar\u00e3es, Natalia Warth, Dayse Amaral e Bernardo S\u00e1, dire\u00e7\u00e3o geral de Pedro Brenelli e dire\u00e7\u00e3o art\u00edstica de Allan Fiterman.<\/p>\n","protected":false},"excerpt":{"rendered":"<p>Resumo da novela \u201cQuanto Mais Vida, Melhor\u201d em 28\/01: no cap\u00edtulo 059(*) da novela, Guilherme avisa a Celina que ela ter\u00e1 que sair de casa. Paula v\u00ea a Morte, mas n\u00e3o se intimida. Conrado exige que Roni n\u00e3o descarte a parceria entre os dois quando sair da cadeia. Fl\u00e1via beija Murilo para provocar Gabriel, sem [&hellip;]<\/p>\n","protected":false},"author":4,"featured_media":212545,"comment_status":"closed","ping_status":"closed","sticky":false,"template":"","format":"standard","meta":{"tdm_status":"","tdm_grid_status":"","footnotes":""},"categories":[379,2226,375,2025,343],"tags":[441],"class_list":{"0":"post-215336","1":"post","2":"type-post","3":"status-publish","4":"format-standard","5":"has-post-thumbnail","7":"category-novelas","8":"category-quanto-mais-vida-melhor","9":"category-rede-globo","10":"category-resumo","11":"category-televisao","12":"tag-resumo-do-dia"},"_links":{"self":[{"href":"https:\/\/migracao.redenoticia.com.br\/noticia\/wp-json\/wp\/v2\/posts\/215336","targetHints":{"allow":["GET"]}}],"collection":[{"href":"https:\/\/migracao.redenoticia.com.br\/noticia\/wp-json\/wp\/v2\/posts"}],"about":[{"href":"https:\/\/migracao.redenoticia.com.br\/noticia\/wp-json\/wp\/v2\/types\/post"}],"author":[{"embeddable":true,"href":"https:\/\/migracao.redenoticia.com.br\/noticia\/wp-json\/wp\/v2\/users\/4"}],"replies":[{"embeddable":true,"href":"https:\/\/migracao.redenoticia.com.br\/noticia\/wp-json\/wp\/v2\/comments?post=215336"}],"version-history":[{"count":0,"href":"https:\/\/migracao.redenoticia.com.br\/noticia\/wp-json\/wp\/v2\/posts\/215336\/revisions"}],"wp:featuredmedia":[{"embeddable":true,"href":"https:\/\/migracao.redenoticia.com.br\/noticia\/wp-json\/wp\/v2\/media\/212545"}],"wp:attachment":[{"href":"https:\/\/migracao.redenoticia.com.br\/noticia\/wp-json\/wp\/v2\/media?parent=215336"}],"wp:term":[{"taxonomy":"category","embeddable":true,"href":"https:\/\/migracao.redenoticia.com.br\/noticia\/wp-json\/wp\/v2\/categories?post=215336"},{"taxonomy":"post_tag","embeddable":true,"href":"https:\/\/migracao.redenoticia.com.br\/noticia\/wp-json\/wp\/v2\/tags?post=215336"}],"curies":[{"name":"wp","href":"https:\/\/api.w.org\/{rel}","templated":true}]}}