{"id":215481,"date":"2022-01-31T17:38:46","date_gmt":"2022-01-31T20:38:46","guid":{"rendered":"https:\/\/www.redenoticia.com.br\/noticia\/?p=215481"},"modified":"2022-01-31T17:38:46","modified_gmt":"2022-01-31T20:38:46","slug":"resumo-o-cravo-e-a-rosa-01-02-batista-divide-o-seu-segredo-com-cornelio","status":"publish","type":"post","link":"https:\/\/migracao.redenoticia.com.br\/noticia\/2022\/resumo-o-cravo-e-a-rosa-01-02-batista-divide-o-seu-segredo-com-cornelio\/215481","title":{"rendered":"Resumo &#8220;O Cravo e a Rosa&#8221; 01\/02: Batista divide o seu segredo com Corn\u00e9lio"},"content":{"rendered":"<p><img loading=\"lazy\" decoding=\"async\" src=\"https:\/\/migracao.redenoticia.com.br\/noticia\/imagens\/o-cravo-e-a-rosa-elenco-resumo-sinopse.jpeg\" alt=\"\" width=\"1280\" height=\"720\" class=\"aligncenter size-full wp-image-213217\" srcset=\"https:\/\/migracao.redenoticia.com.br\/noticia\/imagens\/o-cravo-e-a-rosa-elenco-resumo-sinopse.jpeg 1280w, https:\/\/migracao.redenoticia.com.br\/noticia\/imagens\/o-cravo-e-a-rosa-elenco-resumo-sinopse-250x140.jpeg 250w, https:\/\/migracao.redenoticia.com.br\/noticia\/imagens\/o-cravo-e-a-rosa-elenco-resumo-sinopse-400x225.jpeg 400w, https:\/\/migracao.redenoticia.com.br\/noticia\/imagens\/o-cravo-e-a-rosa-elenco-resumo-sinopse-768x432.jpeg 768w, https:\/\/migracao.redenoticia.com.br\/noticia\/imagens\/o-cravo-e-a-rosa-elenco-resumo-sinopse-150x85.jpeg 150w\" sizes=\"auto, (max-width: 1280px) 100vw, 1280px\" \/><\/p>\n<p><em><strong>Resumo da novela &#8220;O Cravo e a Rosa&#8221;<\/strong><\/em> em 01\/02: no cap\u00edtulo 042(*) da novela, Batista tenta imaginar um jeito de impedir que F\u00e1tima seja a dama de Catarina. Bianca pede permiss\u00e3o para namorar Heitor; o pai concede desde que Mimosa vigie tudo.<\/p>\n<p>Candoca ainda ama Edmundo, mas garante \u00e0 m\u00e3e que vai tentar ser feliz com Celso. Batista quer saber as novidades, mas Joana nada conta.<\/p>\n<p>Lindinha promete fazer Catarina comer o p\u00e3o que o diabo amassou. Janu\u00e1rio consegue beijar o joelho de sua amada. Joaquim culpa Serafim pelo fracasso de seus planos. Corn\u00e9lio v\u00ea Celso saindo da igreja e Dinor\u00e1 finge-se injuriada. Josefa aconselha-a a bancar a ciumenta. Rufino vai tentar seq\u00fcestrar Josefa no dia do casamento de Catarina. Edmundo sofre ao saber que Bianca ama Heitor pelas cartas que escreveu. Joana decide conversar com o marido.<\/p>\n<p>Batista briga ao saber que Joana contrariou as suas ordens, mas ela finca p\u00e9 e garante que F\u00e1tima ser\u00e1 a dama de honra. Catarina faz mil exig\u00eancias para a casa nova: comida e ambiente \u00e0 sua altura. Josefa se anima ao saber que Joaquim quer encontr\u00e1-la. A noiva insiste com o pai: quer um convers\u00edvel de presente de casamento. Batista quer mandar fazer o terno de Petruchio e manda Mimosa providenciar uma roupa do fazendeiro.<\/p>\n<p>Joaquim est\u00e1 muito feliz porque sua filha Muriel Marcela escreveu uma carta e Josefa se interessa pelo assunto, embora mantenha um certo mist\u00e9rio. Calixto pega roupa do patr\u00e3o. Edmundo quer ser atleta como Heitor. Batista divide o seu segredo com Corn\u00e9lio, os dois v\u00e3o at\u00e9 a igreja. Dinor\u00e1 e Celso trocam beijos. Bianca recebe nova carta de amor. Edmundo acompanha Heitor nos treinos.<\/p>\n<p>(*) edi\u00e7\u00e3o das novelas da Globo, &#8220;O Cravo e a Rosa&#8221;, sujeito a altera\u00e7\u00e3o de data e conte\u00fado.<\/p>\n<p>Sinopse &#8220;O Cravo e a Rosa&#8221;: Catarina Batista \u00e9 uma mulher moderna, na r\u00edgida sociedade paulista da d\u00e9cada de 1920, que recusa o papel feminino de se restringir a lavar ceroulas em um tanque. Juli\u00e3o Petruchio \u00e9 um homem rude, para quem a mulher deve ser a &#8220;rainha do lar&#8221;. Duas pessoas t\u00e3o diferentes vivem um romance contradit\u00f3rio.<\/p>\n<p>Conhecida como &#8216;a fera&#8217;, por botar todos os seus pretendentes para correr, Catarina vai esbarrar na teimosia c\u00ednica de Petruchio que, inicialmente, decide conquist\u00e1-la para, com o dote do casamento, salvar sua fazenda de ser hipotecada. Eles acabam se apaixonando, mas n\u00e3o d\u00e3o o bra\u00e7o a torcer, vivenciando cenas muito bem-humoradas de discuss\u00f5es e brigas vulc\u00e2nicas. Ele fingindo-se de &#8216;cordeirinho&#8217;, e ela cada vez mais furiosa com sua insist\u00eancia.<\/p>\n","protected":false},"excerpt":{"rendered":"<p>Resumo da novela &#8220;O Cravo e a Rosa&#8221; em 01\/02: no cap\u00edtulo 042(*) da novela, Batista tenta imaginar um jeito de impedir que F\u00e1tima seja a dama de Catarina. Bianca pede permiss\u00e3o para namorar Heitor; o pai concede desde que Mimosa vigie tudo. Candoca ainda ama Edmundo, mas garante \u00e0 m\u00e3e que vai tentar ser [&hellip;]<\/p>\n","protected":false},"author":4,"featured_media":213218,"comment_status":"closed","ping_status":"closed","sticky":false,"template":"","format":"standard","meta":{"tdm_status":"","tdm_grid_status":"","footnotes":""},"categories":[379,2227,375,2025,343],"tags":[441],"class_list":{"0":"post-215481","1":"post","2":"type-post","3":"status-publish","4":"format-standard","5":"has-post-thumbnail","7":"category-novelas","8":"category-o-cravo-e-a-rosa","9":"category-rede-globo","10":"category-resumo","11":"category-televisao","12":"tag-resumo-do-dia"},"_links":{"self":[{"href":"https:\/\/migracao.redenoticia.com.br\/noticia\/wp-json\/wp\/v2\/posts\/215481","targetHints":{"allow":["GET"]}}],"collection":[{"href":"https:\/\/migracao.redenoticia.com.br\/noticia\/wp-json\/wp\/v2\/posts"}],"about":[{"href":"https:\/\/migracao.redenoticia.com.br\/noticia\/wp-json\/wp\/v2\/types\/post"}],"author":[{"embeddable":true,"href":"https:\/\/migracao.redenoticia.com.br\/noticia\/wp-json\/wp\/v2\/users\/4"}],"replies":[{"embeddable":true,"href":"https:\/\/migracao.redenoticia.com.br\/noticia\/wp-json\/wp\/v2\/comments?post=215481"}],"version-history":[{"count":0,"href":"https:\/\/migracao.redenoticia.com.br\/noticia\/wp-json\/wp\/v2\/posts\/215481\/revisions"}],"wp:featuredmedia":[{"embeddable":true,"href":"https:\/\/migracao.redenoticia.com.br\/noticia\/wp-json\/wp\/v2\/media\/213218"}],"wp:attachment":[{"href":"https:\/\/migracao.redenoticia.com.br\/noticia\/wp-json\/wp\/v2\/media?parent=215481"}],"wp:term":[{"taxonomy":"category","embeddable":true,"href":"https:\/\/migracao.redenoticia.com.br\/noticia\/wp-json\/wp\/v2\/categories?post=215481"},{"taxonomy":"post_tag","embeddable":true,"href":"https:\/\/migracao.redenoticia.com.br\/noticia\/wp-json\/wp\/v2\/tags?post=215481"}],"curies":[{"name":"wp","href":"https:\/\/api.w.org\/{rel}","templated":true}]}}