{"id":21549,"date":"2010-01-12T06:04:31","date_gmt":"2010-01-12T10:04:31","guid":{"rendered":"http:\/\/www.redenoticia.com.br\/noticia\/?p=21549"},"modified":"2010-01-12T06:04:31","modified_gmt":"2010-01-12T10:04:31","slug":"climatempo-alerta-para-semana-de-temporais-no-sul","status":"publish","type":"post","link":"https:\/\/migracao.redenoticia.com.br\/noticia\/2010\/climatempo-alerta-para-semana-de-temporais-no-sul\/21549","title":{"rendered":"Climatempo alerta para semana de temporais no Sul"},"content":{"rendered":"<p><img loading=\"lazy\" decoding=\"async\" class=\"alignleft size-full wp-image-19270\" title=\"climatempo\" src=\"https:\/\/migracao.redenoticia.com.br\/noticia\/imagens\/climatempo2.jpg\" alt=\"\" width=\"300\" height=\"193\" srcset=\"https:\/\/migracao.redenoticia.com.br\/noticia\/imagens\/climatempo2.jpg 300w, https:\/\/migracao.redenoticia.com.br\/noticia\/imagens\/climatempo2-250x160.jpg 250w, https:\/\/migracao.redenoticia.com.br\/noticia\/imagens\/climatempo2-150x96.jpg 150w\" sizes=\"auto, (max-width: 300px) 100vw, 300px\" \/>A segunda semana de janeiro ser\u00e1 marcada pelo predom\u00ednio de c\u00e9u nublado e novos temporais nos Estados do Sul, prev\u00ea a <strong><em>Climatempo Meteorologia<\/em><\/strong>. Os novos progn\u00f3sticos calculados indicam que a quantidade de chuva acumulada at\u00e9 o dia 15 de janeiro deve superar os 100 mil\u00edmetros, na maioria das \u00e1reas da Regi\u00e3o Sul. Esta quantidade de chuva corresponde a pelo menos metade da m\u00e9dia para janeiro. A situa\u00e7\u00e3o \u00e9 muito preocupante, pois todo Sul do Pa\u00eds t\u00eam registrado excesso de chuva desde meados de 2009. Como no Sudeste, os rios, represas e solos armazenam muito mais \u00e1gua do que o normal, para esta \u00e9poca do ano. Os riscos de transbordamento de rios e reservat\u00f3rios, alagamentos e deslizamento de terrenos aumentam nos tr\u00eas estados. V\u00e1rias condi\u00e7\u00f5es atmosf\u00e9ricas v\u00e3o colaborar para que o tempo fique mais inst\u00e1vel na Regi\u00e3o Sul nos pr\u00f3ximos dias.<\/p>\n<p>Segundo a Climatempo, na Regi\u00e3o Sudeste, um grande sistema de alta press\u00e3o atmosf\u00e9rica est\u00e1 ganhando for\u00e7a. Isto diminui o risco de temporais nesta Regi\u00e3o, mas em compensa\u00e7\u00e3o, for\u00e7a a queda da press\u00e3o do ar justamente sobre o Sul. A baixa press\u00e3o atmosf\u00e9rica concentra a umidade e \u00e9 um dos fatores fundamentais para forma\u00e7\u00e3o de nuvens pesadas, associadas \u00e0s tempestades. Al\u00e9m disso, a circula\u00e7\u00e3o de ventos sobre o Brasil nos pr\u00f3ximos dias vai continuar levando o calor \u00famido do centro-norte do Pa\u00eds para os estados do Sul. O resultado ser\u00e1 muitas nuvens e mais chuva.<\/p>\n<p>Para complicar ainda mais a situa\u00e7\u00e3o do Sul, mais duas frentes frias v\u00e3o passar pela Regi\u00e3o. A primeira avan\u00e7a para o litoral de Santa Catarina at\u00e9 a segunda-feira. A segunda, mais forte, deve influenciar o Sul do Brasil entre a quarta e a quinta-feira. A preocupa\u00e7\u00e3o com esta frente fria \u00e9 sua massa polar moderada a forte. O contato deste ar muito frio com o ar quente e \u00famido que j\u00e1 est\u00e1 sobre o Sul vai colaborar para formar nuvens mais carregadas, que podem provocar grande quantidade de chuva em poucas horas.<\/p>\n<p>Sobre o Grupo Climatempo<\/p>\n<p>O Grupo Climatempo \u00e9 a maior empresa privada de meteorologia do pa\u00eds. Fornece, atualmente, conte\u00fado para mais de 50 retransmissoras nacionais de televis\u00e3o, para r\u00e1dios de todo o Brasil e para os principais portais. Com cerca de 1.100 clientes, a empresa atua principalmente em dois segmentos: o de agroneg\u00f3cios e o de meios de comunica\u00e7\u00e3o. Oferece tamb\u00e9m conte\u00fado meteorol\u00f3gico estrat\u00e9gico para empresas de moda e varejo, energia el\u00e9trica, constru\u00e7\u00e3o civil, transporte e log\u00edstica, al\u00e9m de bancos, seguradoras e ind\u00fastrias farmac\u00eautica e de alimentos. O Grupo \u00e9 presidido pelo meteorologista Carlos Magno que, com mais de 23 anos de carreira, foi um dos primeiros comunicadores da profiss\u00e3o no Pa\u00eds.<\/p>\n<p>Climatempo<\/p>\n","protected":false},"excerpt":{"rendered":"<p>A segunda semana de janeiro ser\u00e1 marcada pelo predom\u00ednio de c\u00e9u nublado e novos temporais nos Estados do Sul, prev\u00ea a Climatempo Meteorologia. Os novos progn\u00f3sticos calculados indicam que a quantidade de chuva acumulada at\u00e9 o dia 15 de janeiro deve superar os 100 mil\u00edmetros, na maioria das \u00e1reas da Regi\u00e3o Sul. Esta quantidade de [&hellip;]<\/p>\n","protected":false},"author":3,"featured_media":0,"comment_status":"open","ping_status":"open","sticky":false,"template":"","format":"standard","meta":{"tdm_status":"","tdm_grid_status":"","footnotes":""},"categories":[22,327],"tags":[],"class_list":{"0":"post-21549","1":"post","2":"type-post","3":"status-publish","4":"format-standard","6":"category-brasil","7":"category-clima"},"_links":{"self":[{"href":"https:\/\/migracao.redenoticia.com.br\/noticia\/wp-json\/wp\/v2\/posts\/21549","targetHints":{"allow":["GET"]}}],"collection":[{"href":"https:\/\/migracao.redenoticia.com.br\/noticia\/wp-json\/wp\/v2\/posts"}],"about":[{"href":"https:\/\/migracao.redenoticia.com.br\/noticia\/wp-json\/wp\/v2\/types\/post"}],"author":[{"embeddable":true,"href":"https:\/\/migracao.redenoticia.com.br\/noticia\/wp-json\/wp\/v2\/users\/3"}],"replies":[{"embeddable":true,"href":"https:\/\/migracao.redenoticia.com.br\/noticia\/wp-json\/wp\/v2\/comments?post=21549"}],"version-history":[{"count":0,"href":"https:\/\/migracao.redenoticia.com.br\/noticia\/wp-json\/wp\/v2\/posts\/21549\/revisions"}],"wp:attachment":[{"href":"https:\/\/migracao.redenoticia.com.br\/noticia\/wp-json\/wp\/v2\/media?parent=21549"}],"wp:term":[{"taxonomy":"category","embeddable":true,"href":"https:\/\/migracao.redenoticia.com.br\/noticia\/wp-json\/wp\/v2\/categories?post=21549"},{"taxonomy":"post_tag","embeddable":true,"href":"https:\/\/migracao.redenoticia.com.br\/noticia\/wp-json\/wp\/v2\/tags?post=21549"}],"curies":[{"name":"wp","href":"https:\/\/api.w.org\/{rel}","templated":true}]}}