{"id":215533,"date":"2022-02-01T15:23:25","date_gmt":"2022-02-01T18:23:25","guid":{"rendered":"https:\/\/www.redenoticia.com.br\/noticia\/?p=215533"},"modified":"2022-02-01T15:23:25","modified_gmt":"2022-02-01T18:23:25","slug":"resumo-o-cravo-e-a-rosa-02-02-fatima-contrai-varicela","status":"publish","type":"post","link":"https:\/\/migracao.redenoticia.com.br\/noticia\/2022\/resumo-o-cravo-e-a-rosa-02-02-fatima-contrai-varicela\/215533","title":{"rendered":"Resumo &#8220;O Cravo e a Rosa&#8221; 02\/02: F\u00e1tima contrai varicela"},"content":{"rendered":"<p><img loading=\"lazy\" decoding=\"async\" src=\"https:\/\/migracao.redenoticia.com.br\/noticia\/imagens\/o-cravo-e-a-rosa-elenco-resumo-sinopse.jpeg\" alt=\"\" width=\"1280\" height=\"720\" class=\"aligncenter size-full wp-image-213217\" srcset=\"https:\/\/migracao.redenoticia.com.br\/noticia\/imagens\/o-cravo-e-a-rosa-elenco-resumo-sinopse.jpeg 1280w, https:\/\/migracao.redenoticia.com.br\/noticia\/imagens\/o-cravo-e-a-rosa-elenco-resumo-sinopse-250x140.jpeg 250w, https:\/\/migracao.redenoticia.com.br\/noticia\/imagens\/o-cravo-e-a-rosa-elenco-resumo-sinopse-400x225.jpeg 400w, https:\/\/migracao.redenoticia.com.br\/noticia\/imagens\/o-cravo-e-a-rosa-elenco-resumo-sinopse-768x432.jpeg 768w, https:\/\/migracao.redenoticia.com.br\/noticia\/imagens\/o-cravo-e-a-rosa-elenco-resumo-sinopse-150x85.jpeg 150w\" sizes=\"auto, (max-width: 1280px) 100vw, 1280px\" \/><\/p>\n<p><em><strong>Resumo da novela &#8220;O Cravo e a Rosa&#8221;<\/strong><\/em> em 02\/02: no cap\u00edtulo 043(*) da novela, Edmundo machuca o bra\u00e7o no primeiro exerc\u00edcio. Corn\u00e9lio estranha n\u00e3o ver Dinor\u00e1, mas ela aparece no fundo da igreja, com a desculpa que estava no confession\u00e1rio. Faz-se ofendida e avisa que ele vai dormir no sof\u00e1.<\/p>\n<p>Janu\u00e1rio pede ao amuleto de sorte para ser rico e bonito. B\u00e1rbara convida F\u00e1bio para ir com elas ao casamento. Joana tamb\u00e9m ganha roupa para ir ao casamento. Edmundo fica arrasado quando Bianca confirma gostar dele como a um irm\u00e3o. Calixto tem que convencer Petruchio a usar o terno, a pedido de Mimosa. O noivo concorda em ir bem elegante. Batista suspira aliviado: F\u00e1tima est\u00e1 com varicela. Chega o dia do casamento. Bianca exulta ao dar o bra\u00e7o a Heitor. Catarina entra na igreja, o padre est\u00e1 no altar, mas nada de noivo.<\/p>\n<p>Catarina, furiosa, prepara-se para ir embora. Petruchio chega neste momento mal vestido. O casamento come\u00e7a, mas os dois agridem-se o tempo todo. Acabam por dizer sim e ouve-se um suspiro de al\u00edvio na igreja. Ao ver o anel de Janu\u00e1rio, Joaquim transtorna-se e tenta falar com ele. Heitor pede para se encontrar com a namorada \u00e0 noite no quarto. Dinor\u00e1 fica com ci\u00fames de Candoca e Celso. Serafim corteja Lindinha e quer saber quem \u00e9 Janu\u00e1rio. Surgem pintas no rosto de Batista: ele est\u00e1 com varicela. Rufino tenta sequestrar Josefa. Calixto v\u00ea o incidente, todos correm atr\u00e1s e ela \u00e9 salva. Petruchio e Catarina dan\u00e7am a valsa, mas ele n\u00e3o consegue beij\u00e1-la. A confus\u00e3o est\u00e1 estabelecida. Petruchio leva a mulher dependurada no seu ombro.<\/p>\n<p>(*) edi\u00e7\u00e3o das novelas da Globo, &#8220;O Cravo e a Rosa&#8221;, sujeito a altera\u00e7\u00e3o de data e conte\u00fado.<\/p>\n<p>Sinopse &#8220;O Cravo e a Rosa&#8221;: Catarina Batista \u00e9 uma mulher moderna, na r\u00edgida sociedade paulista da d\u00e9cada de 1920, que recusa o papel feminino de se restringir a lavar ceroulas em um tanque. Juli\u00e3o Petruchio \u00e9 um homem rude, para quem a mulher deve ser a &#8220;rainha do lar&#8221;. Duas pessoas t\u00e3o diferentes vivem um romance contradit\u00f3rio.<\/p>\n<p>Conhecida como &#8216;a fera&#8217;, por botar todos os seus pretendentes para correr, Catarina vai esbarrar na teimosia c\u00ednica de Petruchio que, inicialmente, decide conquist\u00e1-la para, com o dote do casamento, salvar sua fazenda de ser hipotecada. Eles acabam se apaixonando, mas n\u00e3o d\u00e3o o bra\u00e7o a torcer, vivenciando cenas muito bem-humoradas de discuss\u00f5es e brigas vulc\u00e2nicas. Ele fingindo-se de &#8216;cordeirinho&#8217;, e ela cada vez mais furiosa com sua insist\u00eancia.<\/p>\n","protected":false},"excerpt":{"rendered":"<p>Resumo da novela &#8220;O Cravo e a Rosa&#8221; em 02\/02: no cap\u00edtulo 043(*) da novela, Edmundo machuca o bra\u00e7o no primeiro exerc\u00edcio. Corn\u00e9lio estranha n\u00e3o ver Dinor\u00e1, mas ela aparece no fundo da igreja, com a desculpa que estava no confession\u00e1rio. Faz-se ofendida e avisa que ele vai dormir no sof\u00e1. Janu\u00e1rio pede ao amuleto [&hellip;]<\/p>\n","protected":false},"author":4,"featured_media":213218,"comment_status":"closed","ping_status":"closed","sticky":false,"template":"","format":"standard","meta":{"tdm_status":"","tdm_grid_status":"","footnotes":""},"categories":[379,2227,375,2025,343],"tags":[441],"class_list":{"0":"post-215533","1":"post","2":"type-post","3":"status-publish","4":"format-standard","5":"has-post-thumbnail","7":"category-novelas","8":"category-o-cravo-e-a-rosa","9":"category-rede-globo","10":"category-resumo","11":"category-televisao","12":"tag-resumo-do-dia"},"_links":{"self":[{"href":"https:\/\/migracao.redenoticia.com.br\/noticia\/wp-json\/wp\/v2\/posts\/215533","targetHints":{"allow":["GET"]}}],"collection":[{"href":"https:\/\/migracao.redenoticia.com.br\/noticia\/wp-json\/wp\/v2\/posts"}],"about":[{"href":"https:\/\/migracao.redenoticia.com.br\/noticia\/wp-json\/wp\/v2\/types\/post"}],"author":[{"embeddable":true,"href":"https:\/\/migracao.redenoticia.com.br\/noticia\/wp-json\/wp\/v2\/users\/4"}],"replies":[{"embeddable":true,"href":"https:\/\/migracao.redenoticia.com.br\/noticia\/wp-json\/wp\/v2\/comments?post=215533"}],"version-history":[{"count":0,"href":"https:\/\/migracao.redenoticia.com.br\/noticia\/wp-json\/wp\/v2\/posts\/215533\/revisions"}],"wp:featuredmedia":[{"embeddable":true,"href":"https:\/\/migracao.redenoticia.com.br\/noticia\/wp-json\/wp\/v2\/media\/213218"}],"wp:attachment":[{"href":"https:\/\/migracao.redenoticia.com.br\/noticia\/wp-json\/wp\/v2\/media?parent=215533"}],"wp:term":[{"taxonomy":"category","embeddable":true,"href":"https:\/\/migracao.redenoticia.com.br\/noticia\/wp-json\/wp\/v2\/categories?post=215533"},{"taxonomy":"post_tag","embeddable":true,"href":"https:\/\/migracao.redenoticia.com.br\/noticia\/wp-json\/wp\/v2\/tags?post=215533"}],"curies":[{"name":"wp","href":"https:\/\/api.w.org\/{rel}","templated":true}]}}