{"id":215790,"date":"2022-02-07T17:03:07","date_gmt":"2022-02-07T20:03:07","guid":{"rendered":"https:\/\/www.redenoticia.com.br\/noticia\/?p=215790"},"modified":"2022-02-07T17:03:07","modified_gmt":"2022-02-07T20:03:07","slug":"resumo-o-cravo-e-a-rosa-08-02-petruchio-quer-receber-o-dote-de-catarina","status":"publish","type":"post","link":"https:\/\/migracao.redenoticia.com.br\/noticia\/2022\/resumo-o-cravo-e-a-rosa-08-02-petruchio-quer-receber-o-dote-de-catarina\/215790","title":{"rendered":"Resumo &#8220;O Cravo e a Rosa&#8221; 08\/02: Petruchio quer receber o dote de Catarina"},"content":{"rendered":"<p><img loading=\"lazy\" decoding=\"async\" src=\"https:\/\/migracao.redenoticia.com.br\/noticia\/imagens\/o-cravo-e-a-rosa-elenco-resumo-sinopse.jpeg\" alt=\"\" width=\"1280\" height=\"720\" class=\"aligncenter size-full wp-image-213217\" srcset=\"https:\/\/migracao.redenoticia.com.br\/noticia\/imagens\/o-cravo-e-a-rosa-elenco-resumo-sinopse.jpeg 1280w, https:\/\/migracao.redenoticia.com.br\/noticia\/imagens\/o-cravo-e-a-rosa-elenco-resumo-sinopse-250x140.jpeg 250w, https:\/\/migracao.redenoticia.com.br\/noticia\/imagens\/o-cravo-e-a-rosa-elenco-resumo-sinopse-400x225.jpeg 400w, https:\/\/migracao.redenoticia.com.br\/noticia\/imagens\/o-cravo-e-a-rosa-elenco-resumo-sinopse-768x432.jpeg 768w, https:\/\/migracao.redenoticia.com.br\/noticia\/imagens\/o-cravo-e-a-rosa-elenco-resumo-sinopse-150x85.jpeg 150w\" sizes=\"auto, (max-width: 1280px) 100vw, 1280px\" \/><\/p>\n<p><em><strong>Resumo da novela &#8220;O Cravo e a Rosa&#8221;<\/strong><\/em> em 08\/02: no cap\u00edtulo 047(*) da novela, Vivi diz a Cris que ela precisa perder alguns quilos<\/p>\n<p>Catarina fica furiosa luta. Pior ainda quando percebe que parte da viagem tem que ser feita a p\u00e9. Catarina acaba por ir de burra, vestida de noiva, chegando \u00e0 fazenda toda despenteada. Heitor est\u00e1 decidido a entrar no quarto de Bianca e for\u00e7ar mais ainda o casamento. Candoca n\u00e3o entende a agressividade de Dinor\u00e1. Batista dorme no quarto de Bianca. Janu\u00e1rio confirma que o anel era de seu pai, um fazendeiro rico que n\u00e3o conheceu. Lindinha sugere que ele venda para o homem que est\u00e1 interessado. Heitor invade o quarto e abra\u00e7a Batista, levando o banqueiro a obrig\u00e1-lo a afastar-se definitivamente de Bianca, que fica arrasada.<\/p>\n<p>Petruchio finge brigar com os empregados, reclama que nada est\u00e1 \u00e0 altura de Catarina e deixa-a sem comer e sem roupa de cama. Se ela quiser comer, vai ter que cozinhar, diz Petruchio aos empregados. Corn\u00e9lio intercede por Heitor. Dinor\u00e1 conta ao irm\u00e3o que o m\u00e9dico foi pago por ela e que Bianca n\u00e3o est\u00e1 doente. Joaquim mostra a Serafim um anel igual ao de Janu\u00e1rio e manda o jornalista investigar tudo sobre o rapaz. Heitor pede ajuda a Candoca para se encontrar com Bianca. Catarina tenta ir buscar ovos ao galinheiro. Petruchio quer receber o dote de Catarina, mas Batista finge-se surpreendido.<\/p>\n<p>(*) edi\u00e7\u00e3o das novelas da Globo, &#8220;O Cravo e a Rosa&#8221;, sujeito a altera\u00e7\u00e3o de data e conte\u00fado.<\/p>\n<p>Sinopse &#8220;O Cravo e a Rosa&#8221;: Catarina Batista \u00e9 uma mulher moderna, na r\u00edgida sociedade paulista da d\u00e9cada de 1920, que recusa o papel feminino de se restringir a lavar ceroulas em um tanque. Juli\u00e3o Petruchio \u00e9 um homem rude, para quem a mulher deve ser a &#8220;rainha do lar&#8221;. Duas pessoas t\u00e3o diferentes vivem um romance contradit\u00f3rio.<\/p>\n<p>Conhecida como &#8216;a fera&#8217;, por botar todos os seus pretendentes para correr, Catarina vai esbarrar na teimosia c\u00ednica de Petruchio que, inicialmente, decide conquist\u00e1-la para, com o dote do casamento, salvar sua fazenda de ser hipotecada. Eles acabam se apaixonando, mas n\u00e3o d\u00e3o o bra\u00e7o a torcer, vivenciando cenas muito bem-humoradas de discuss\u00f5es e brigas vulc\u00e2nicas. Ele fingindo-se de &#8216;cordeirinho&#8217;, e ela cada vez mais furiosa com sua insist\u00eancia.<\/p>\n","protected":false},"excerpt":{"rendered":"<p>Resumo da novela &#8220;O Cravo e a Rosa&#8221; em 08\/02: no cap\u00edtulo 047(*) da novela, Vivi diz a Cris que ela precisa perder alguns quilos Catarina fica furiosa luta. Pior ainda quando percebe que parte da viagem tem que ser feita a p\u00e9. Catarina acaba por ir de burra, vestida de noiva, chegando \u00e0 fazenda [&hellip;]<\/p>\n","protected":false},"author":4,"featured_media":213218,"comment_status":"closed","ping_status":"closed","sticky":false,"template":"","format":"standard","meta":{"tdm_status":"","tdm_grid_status":"","footnotes":""},"categories":[379,2227,375,2025,343],"tags":[441],"class_list":{"0":"post-215790","1":"post","2":"type-post","3":"status-publish","4":"format-standard","5":"has-post-thumbnail","7":"category-novelas","8":"category-o-cravo-e-a-rosa","9":"category-rede-globo","10":"category-resumo","11":"category-televisao","12":"tag-resumo-do-dia"},"_links":{"self":[{"href":"https:\/\/migracao.redenoticia.com.br\/noticia\/wp-json\/wp\/v2\/posts\/215790","targetHints":{"allow":["GET"]}}],"collection":[{"href":"https:\/\/migracao.redenoticia.com.br\/noticia\/wp-json\/wp\/v2\/posts"}],"about":[{"href":"https:\/\/migracao.redenoticia.com.br\/noticia\/wp-json\/wp\/v2\/types\/post"}],"author":[{"embeddable":true,"href":"https:\/\/migracao.redenoticia.com.br\/noticia\/wp-json\/wp\/v2\/users\/4"}],"replies":[{"embeddable":true,"href":"https:\/\/migracao.redenoticia.com.br\/noticia\/wp-json\/wp\/v2\/comments?post=215790"}],"version-history":[{"count":0,"href":"https:\/\/migracao.redenoticia.com.br\/noticia\/wp-json\/wp\/v2\/posts\/215790\/revisions"}],"wp:featuredmedia":[{"embeddable":true,"href":"https:\/\/migracao.redenoticia.com.br\/noticia\/wp-json\/wp\/v2\/media\/213218"}],"wp:attachment":[{"href":"https:\/\/migracao.redenoticia.com.br\/noticia\/wp-json\/wp\/v2\/media?parent=215790"}],"wp:term":[{"taxonomy":"category","embeddable":true,"href":"https:\/\/migracao.redenoticia.com.br\/noticia\/wp-json\/wp\/v2\/categories?post=215790"},{"taxonomy":"post_tag","embeddable":true,"href":"https:\/\/migracao.redenoticia.com.br\/noticia\/wp-json\/wp\/v2\/tags?post=215790"}],"curies":[{"name":"wp","href":"https:\/\/api.w.org\/{rel}","templated":true}]}}