{"id":2161,"date":"2009-05-31T12:27:41","date_gmt":"2009-05-31T16:27:41","guid":{"rendered":"http:\/\/www.redenoticia.com.br\/noticia\/?p=2161"},"modified":"2009-05-31T12:27:41","modified_gmt":"2009-05-31T16:27:41","slug":"mudancas-climaticas-matam-300-mil-por-ano-diz-relatorio","status":"publish","type":"post","link":"https:\/\/migracao.redenoticia.com.br\/noticia\/2009\/mudancas-climaticas-matam-300-mil-por-ano-diz-relatorio\/2161","title":{"rendered":"Mudan\u00e7as clim\u00e1ticas matam 300 mil por ano, diz relat\u00f3rio"},"content":{"rendered":"<p class=\"MsoNormal\"><span style=\"font-size: 11pt; font-family: Arial;\"><\/span><span style=\"font-size: 11pt; font-family: Arial;\"><span style=\"color: #6c7962;\"><span><\/span><\/span>As mudan\u00e7as clim\u00e1ticas s\u00e3o respons\u00e1veis pela morte de cerca de 300 mil pessoas por ano em todo o mundo, de acordo com relat\u00f3rio lan\u00e7ado sexta (29) pelo F\u00f3rum Humanit\u00e1rio Global, entidade dirigida pelo ex-secret\u00e1rio geral da Organiza\u00e7\u00e3o das Na\u00e7\u00f5es Unidas (ONU), Kofi Annan. Em 2030, o n\u00famero de mortes provocadas pelos impactos do aquecimento do planeta pode chegar a 500 mil por ano, segundo o documento. <\/span><\/p>\n<p class=\"MsoNormal\"><span style=\"font-size: 11pt; font-family: Arial; color: black;\">No mundo inteiro, o fen\u00f4meno j\u00e1 afetou 325 milh\u00f5es de pessoas e dever\u00e1 chegar a 660 milh\u00f5es em 2030 \u2013 cerca de 10% da popula\u00e7\u00e3o mundial. Os mais vulner\u00e1veis s\u00e3o os habitantes de pa\u00edses pobres, na\u00e7\u00f5es com nenhum ou poucos recursos para adapta\u00e7\u00e3o \u00e0s altera\u00e7\u00f5es do clima, como prepara\u00e7\u00e3o para chuvas ou secas cada vez mais intensas, aumento dos n\u00edvel dos oceanos e surgimento de doen\u00e7as. <\/span><\/p>\n<p class=\"MsoNormal\"><span style=\"font-size: 11pt; font-family: Arial;\">\u201cApesar dos impactos perigosos, o debate sempre foi focado nos efeitos f\u00edsicos. Esse relat\u00f3rio tem foco no hoje e no lado humano das mudan\u00e7as clim\u00e1ticas\u201d, afirmou Annan, durante a divulga\u00e7\u00e3o do estudo, de acordo com comunicado da organiza\u00e7\u00e3o.<\/p>\n<p>O relat\u00f3rio tamb\u00e9m faz proje\u00e7\u00f5es sobre o custo do aquecimento global para a economia mundial. Atualmente, as perdas econ\u00f4micas j\u00e1 somam US$ 125 bilh\u00f5es por ano \u2013 maior que o Produto Interno Bruto de 73% dos pa\u00edses do mundo \u2013 e dever\u00e3o aumentar para US$ 340 bilh\u00f5es por ano em 2030 se nada for feito para reverter o quadro de emiss\u00f5es de gases de efeito estufa.<\/p>\n<p>Na pr\u00f3xima segunda-feira (1\u00b0), governos de todo o mundo se reunir\u00e3o em Bonn, na Alemanha, para uma nova rodada de negocia\u00e7\u00f5es sobre o futuro da regulamenta\u00e7\u00e3o das emiss\u00f5es de gases de efeito estufa.<\/p>\n<p>At\u00e9 dezembro, quando ocorre a reuni\u00e3o da conven\u00e7\u00e3o da ONU sobre mudan\u00e7as clim\u00e1ticas em Copenhague, na Dinamarca, os pa\u00edses precisam costurar um acordo sobre o mecanismo que ir\u00e1 suceder o Protocolo de Quioto, cujo primeiro per\u00edodo de compromissos vence em 2012. <\/span><\/p>\n<p class=\"MsoNormal\"><span class=\"titulo11\"><span style=\"font-size: 11pt; font-family: Arial;\"> <\/span><\/span><\/p>\n<p class=\"MsoNormal\"><span style=\"font-size: 11pt; font-family: Arial;\">Luana Louren\u00e7o<br \/>\n<em>Rep\u00f3rter da Ag\u00eancia Brasil<\/em> <\/span><\/p>\n","protected":false},"excerpt":{"rendered":"<p>As mudan\u00e7as clim\u00e1ticas s\u00e3o respons\u00e1veis pela morte de cerca de 300 mil pessoas por ano em todo o mundo, de acordo com relat\u00f3rio lan\u00e7ado sexta (29) pelo F\u00f3rum Humanit\u00e1rio Global, entidade dirigida pelo ex-secret\u00e1rio geral da Organiza\u00e7\u00e3o das Na\u00e7\u00f5es Unidas (ONU), Kofi Annan. Em 2030, o n\u00famero de mortes provocadas pelos impactos do aquecimento do [&hellip;]<\/p>\n","protected":false},"author":3,"featured_media":0,"comment_status":"open","ping_status":"open","sticky":false,"template":"","format":"standard","meta":{"tdm_status":"","tdm_grid_status":"","footnotes":""},"categories":[22],"tags":[],"class_list":{"0":"post-2161","1":"post","2":"type-post","3":"status-publish","4":"format-standard","6":"category-brasil"},"_links":{"self":[{"href":"https:\/\/migracao.redenoticia.com.br\/noticia\/wp-json\/wp\/v2\/posts\/2161","targetHints":{"allow":["GET"]}}],"collection":[{"href":"https:\/\/migracao.redenoticia.com.br\/noticia\/wp-json\/wp\/v2\/posts"}],"about":[{"href":"https:\/\/migracao.redenoticia.com.br\/noticia\/wp-json\/wp\/v2\/types\/post"}],"author":[{"embeddable":true,"href":"https:\/\/migracao.redenoticia.com.br\/noticia\/wp-json\/wp\/v2\/users\/3"}],"replies":[{"embeddable":true,"href":"https:\/\/migracao.redenoticia.com.br\/noticia\/wp-json\/wp\/v2\/comments?post=2161"}],"version-history":[{"count":0,"href":"https:\/\/migracao.redenoticia.com.br\/noticia\/wp-json\/wp\/v2\/posts\/2161\/revisions"}],"wp:attachment":[{"href":"https:\/\/migracao.redenoticia.com.br\/noticia\/wp-json\/wp\/v2\/media?parent=2161"}],"wp:term":[{"taxonomy":"category","embeddable":true,"href":"https:\/\/migracao.redenoticia.com.br\/noticia\/wp-json\/wp\/v2\/categories?post=2161"},{"taxonomy":"post_tag","embeddable":true,"href":"https:\/\/migracao.redenoticia.com.br\/noticia\/wp-json\/wp\/v2\/tags?post=2161"}],"curies":[{"name":"wp","href":"https:\/\/api.w.org\/{rel}","templated":true}]}}