{"id":2162,"date":"2009-05-31T12:28:51","date_gmt":"2009-05-31T16:28:51","guid":{"rendered":"http:\/\/www.redenoticia.com.br\/noticia\/?p=2162"},"modified":"2009-05-31T12:28:51","modified_gmt":"2009-05-31T16:28:51","slug":"comissao-comeca-a-organizar-a-1%c2%aa-conferencia-nacional-de-comunicacao","status":"publish","type":"post","link":"https:\/\/migracao.redenoticia.com.br\/noticia\/2009\/comissao-comeca-a-organizar-a-1%c2%aa-conferencia-nacional-de-comunicacao\/2162","title":{"rendered":"Comiss\u00e3o come\u00e7a a organizar a 1\u00aa Confer\u00eancia Nacional de Comunica\u00e7\u00e3o"},"content":{"rendered":"<p style=\"margin: 0cm 0cm 0.0001pt;\"><span style=\"font-size: 11pt; font-family: Arial;\"><\/span><span style=\"font-size: 11pt; font-family: Arial;\">A primeira reuni\u00e3o de trabalho para tratar da 1\u00aa Confer\u00eancia Nacional de Comunica\u00e7\u00e3o ser\u00e1 realizada na segunda-feira (1\u00ba), \u00e0s 11h, no audit\u00f3rio do Minist\u00e9rio das Comunica\u00e7\u00f5es. A expectativa do encontro, que contar\u00e1 com a presen\u00e7a do ministro das Comunica\u00e7\u00f5es, H\u00e9lio Costa, \u00e9 definir temas, metodologias e o formato do evento, al\u00e9m do cronograma das confer\u00eancias regionais.<\/p>\n<p>O consultor jur\u00eddico do Minist\u00e9rio das Comunica\u00e7\u00f5es, Marcelo Bechara, que preside a comiss\u00e3o organizadora da confer\u00eancia, afirma que, apesar de o evento estar programado para os dias 1\u00ba, 2 e 3 de dezembro, \u00e9 preciso iniciar logo os preparativos. \u201cEstamos com a corda no pesco\u00e7o em rela\u00e7\u00e3o a prazos. Em dezembro acontece a plen\u00e1ria nacional, mas a conferencia come\u00e7a j\u00e1, com as etapas regionais\u201d, explicou. <\/span><\/p>\n<p style=\"margin: 0cm 0cm 0.0001pt;\"><span style=\"font-size: 11pt; font-family: Arial;\">Ele disse que a organiza\u00e7\u00e3o do evento est\u00e1 trabalhando com o Minist\u00e9rio do Planejamento para recompor os recursos que foram cortados. Segundo Bechara, o or\u00e7amento inicial estava previsto em R$ 8,2 milh\u00f5es e passou para R$ 1,6 milh\u00e3o. &#8220;O minist\u00e9rio est\u00e1 sens\u00edvel, pois sabe que o corte compromete a realiza\u00e7\u00e3o do evento.<\/p>\n<p>Bechara espera que j\u00e1 sejam instaladas na segunda-feira as tr\u00eas subcomiss\u00f5es do evento: de metodologia e sistematiza\u00e7\u00e3o, infraestrutura e log\u00edstica e divulga\u00e7\u00e3o. \u201cA expectativa \u00e9 j\u00e1 sair com as subcomiss\u00f5es formadas e as datas marcadas para as reuni\u00f5es\u201d, disse. Segundo ele, o regimento interno da confer\u00eancia dever\u00e1 estar pronto em cerca de 30 dias.<\/p>\n<p>De acordo com Bechara, a confer\u00eancia vai tratar de temas que envolvem telecomunica\u00e7\u00f5es, <em>internet<\/em>, jornais e revistas. \u201cHoje n\u00e3o tem como isolar determinados setores da comunica\u00e7\u00e3o, pois a converg\u00eancia \u00e9 muito grande\u201d, avalia. Ele acredita que o documento que ser\u00e1 elaborado ao final do evento poder\u00e1 legitimar as ideias da sociedade e orientar as pol\u00edticas p\u00fablicas para o setor.<\/p>\n<p>A comiss\u00e3o organizadora da confer\u00eancia \u00e9 composta por 26 entidades representando o governo, as empresas e a sociedade civil, al\u00e9m da C\u00e2mara dos Deputados e do Senado. <\/span><\/p>\n<p class=\"MsoNormal\"><span class=\"assinatura11\"><span style=\"font-size: 11pt; font-family: Arial;\"> <\/span><\/span><\/p>\n<p><span class=\"assinatura11\"><span style=\"font-size: 11pt; font-family: Arial;\">Sabrina Craide <\/span><\/span><span style=\"font-size: 11pt; font-family: Arial;\"><br \/>\n<span class=\"assinatura11\"><em><span style=\"font-family: Arial;\">Rep\u00f3rter da Ag\u00eancia Brasil<\/span><\/em><\/span><span class=\"assinatura11\"><span style=\"font-family: Arial;\"> <\/span><\/span><\/span><\/p>\n","protected":false},"excerpt":{"rendered":"<p>A primeira reuni\u00e3o de trabalho para tratar da 1\u00aa Confer\u00eancia Nacional de Comunica\u00e7\u00e3o ser\u00e1 realizada na segunda-feira (1\u00ba), \u00e0s 11h, no audit\u00f3rio do Minist\u00e9rio das Comunica\u00e7\u00f5es. A expectativa do encontro, que contar\u00e1 com a presen\u00e7a do ministro das Comunica\u00e7\u00f5es, H\u00e9lio Costa, \u00e9 definir temas, metodologias e o formato do evento, al\u00e9m do cronograma das confer\u00eancias [&hellip;]<\/p>\n","protected":false},"author":3,"featured_media":0,"comment_status":"open","ping_status":"open","sticky":false,"template":"","format":"standard","meta":{"tdm_status":"","tdm_grid_status":"","footnotes":""},"categories":[22],"tags":[],"class_list":{"0":"post-2162","1":"post","2":"type-post","3":"status-publish","4":"format-standard","6":"category-brasil"},"_links":{"self":[{"href":"https:\/\/migracao.redenoticia.com.br\/noticia\/wp-json\/wp\/v2\/posts\/2162","targetHints":{"allow":["GET"]}}],"collection":[{"href":"https:\/\/migracao.redenoticia.com.br\/noticia\/wp-json\/wp\/v2\/posts"}],"about":[{"href":"https:\/\/migracao.redenoticia.com.br\/noticia\/wp-json\/wp\/v2\/types\/post"}],"author":[{"embeddable":true,"href":"https:\/\/migracao.redenoticia.com.br\/noticia\/wp-json\/wp\/v2\/users\/3"}],"replies":[{"embeddable":true,"href":"https:\/\/migracao.redenoticia.com.br\/noticia\/wp-json\/wp\/v2\/comments?post=2162"}],"version-history":[{"count":0,"href":"https:\/\/migracao.redenoticia.com.br\/noticia\/wp-json\/wp\/v2\/posts\/2162\/revisions"}],"wp:attachment":[{"href":"https:\/\/migracao.redenoticia.com.br\/noticia\/wp-json\/wp\/v2\/media?parent=2162"}],"wp:term":[{"taxonomy":"category","embeddable":true,"href":"https:\/\/migracao.redenoticia.com.br\/noticia\/wp-json\/wp\/v2\/categories?post=2162"},{"taxonomy":"post_tag","embeddable":true,"href":"https:\/\/migracao.redenoticia.com.br\/noticia\/wp-json\/wp\/v2\/tags?post=2162"}],"curies":[{"name":"wp","href":"https:\/\/api.w.org\/{rel}","templated":true}]}}