{"id":216203,"date":"2022-02-14T17:07:12","date_gmt":"2022-02-14T20:07:12","guid":{"rendered":"https:\/\/www.redenoticia.com.br\/noticia\/?p=216203"},"modified":"2022-02-14T17:07:12","modified_gmt":"2022-02-14T20:07:12","slug":"resumo-um-lugar-ao-sol-15-02-christian-renato-quer-viajar-para-buenos-aires-com-lara","status":"publish","type":"post","link":"https:\/\/migracao.redenoticia.com.br\/noticia\/2022\/resumo-um-lugar-ao-sol-15-02-christian-renato-quer-viajar-para-buenos-aires-com-lara\/216203","title":{"rendered":"Resumo &#8220;Um Lugar ao Sol&#8221; 15\/02: Christian\/Renato quer viajar para Buenos Aires com Lara"},"content":{"rendered":"<p><img loading=\"lazy\" decoding=\"async\" class=\"aligncenter size-full wp-image-212131\" src=\"https:\/\/migracao.redenoticia.com.br\/noticia\/imagens\/um-lugar-ao-sol-resumo-novela-globo-personagens-caua.jpg\" alt=\"\" width=\"1280\" height=\"720\" srcset=\"https:\/\/migracao.redenoticia.com.br\/noticia\/imagens\/um-lugar-ao-sol-resumo-novela-globo-personagens-caua.jpg 1280w, https:\/\/migracao.redenoticia.com.br\/noticia\/imagens\/um-lugar-ao-sol-resumo-novela-globo-personagens-caua-250x140.jpg 250w, https:\/\/migracao.redenoticia.com.br\/noticia\/imagens\/um-lugar-ao-sol-resumo-novela-globo-personagens-caua-400x225.jpg 400w, https:\/\/migracao.redenoticia.com.br\/noticia\/imagens\/um-lugar-ao-sol-resumo-novela-globo-personagens-caua-768x432.jpg 768w, https:\/\/migracao.redenoticia.com.br\/noticia\/imagens\/um-lugar-ao-sol-resumo-novela-globo-personagens-caua-150x85.jpg 150w\" sizes=\"auto, (max-width: 1280px) 100vw, 1280px\" \/><\/p>\n<p><strong><em>Resumo da novela &#8220;Um Lugar ao Sol&#8221;<\/em><\/strong> em 15\/02: no cap\u00edtulo 086(*) da novela, Christian\/Renato \u00e9 for\u00e7ado a ceder ao plano de T\u00falio. Noca n\u00e3o aceita o convite de An\u00edbal para jantar. Christian\/Renato diz a Ana Virg\u00ednia que se sente acuado por B\u00e1rbara.<\/p>\n<p>Lara diz a Christian\/Renato que precisa de um tempo para ficar sozinha. Bela n\u00e3o aceita o pedido de desculpas de Felipe. Lara pede apoio a Thaiane para manter o projeto do restaurante-escola de p\u00e9 durante sua aus\u00eancia. Christian\/Renato pede a Lara para deix\u00e1-lo ir com ela para Buenos Aires. Christian\/Renato pede desculpas a Ravi e avisa ao amigo que pedir\u00e1 demiss\u00e3o da Redentor para ir embora com Lara para Buenos Aires.<\/p>\n<p>(*) edi\u00e7\u00e3o das novelas da Globo, &#8220;Um Lugar ao Sol&#8221;, sujeito a altera\u00e7\u00e3o de data e conte\u00fado.<\/p>\n<p>Sinopse &#8220;Um Lugar ao Sol&#8221;: Christian assume a personalidade e o comportamento do irm\u00e3o morto. Decidido a deixar o passado para tr\u00e1s, assume a identidade de Renato, tendo Ravi como \u00fanico confidente. Ele v\u00ea seu grande amor, Lara, enterrar o corpo que supostamente seria seu e segue rumo a uma nova vida, tendo que lidar com as consequ\u00eancias de sua escolha.<\/p>\n","protected":false},"excerpt":{"rendered":"<p>Resumo da novela &#8220;Um Lugar ao Sol&#8221; em 15\/02: no cap\u00edtulo 086(*) da novela, Christian\/Renato \u00e9 for\u00e7ado a ceder ao plano de T\u00falio. Noca n\u00e3o aceita o convite de An\u00edbal para jantar. Christian\/Renato diz a Ana Virg\u00ednia que se sente acuado por B\u00e1rbara. Lara diz a Christian\/Renato que precisa de um tempo para ficar sozinha. [&hellip;]<\/p>\n","protected":false},"author":4,"featured_media":212132,"comment_status":"closed","ping_status":"closed","sticky":false,"template":"","format":"standard","meta":{"tdm_status":"","tdm_grid_status":"","footnotes":""},"categories":[379,375,2025,343,2223],"tags":[441],"class_list":{"0":"post-216203","1":"post","2":"type-post","3":"status-publish","4":"format-standard","5":"has-post-thumbnail","7":"category-novelas","8":"category-rede-globo","9":"category-resumo","10":"category-televisao","11":"category-um-lugar-ao-sol","12":"tag-resumo-do-dia"},"_links":{"self":[{"href":"https:\/\/migracao.redenoticia.com.br\/noticia\/wp-json\/wp\/v2\/posts\/216203","targetHints":{"allow":["GET"]}}],"collection":[{"href":"https:\/\/migracao.redenoticia.com.br\/noticia\/wp-json\/wp\/v2\/posts"}],"about":[{"href":"https:\/\/migracao.redenoticia.com.br\/noticia\/wp-json\/wp\/v2\/types\/post"}],"author":[{"embeddable":true,"href":"https:\/\/migracao.redenoticia.com.br\/noticia\/wp-json\/wp\/v2\/users\/4"}],"replies":[{"embeddable":true,"href":"https:\/\/migracao.redenoticia.com.br\/noticia\/wp-json\/wp\/v2\/comments?post=216203"}],"version-history":[{"count":0,"href":"https:\/\/migracao.redenoticia.com.br\/noticia\/wp-json\/wp\/v2\/posts\/216203\/revisions"}],"wp:featuredmedia":[{"embeddable":true,"href":"https:\/\/migracao.redenoticia.com.br\/noticia\/wp-json\/wp\/v2\/media\/212132"}],"wp:attachment":[{"href":"https:\/\/migracao.redenoticia.com.br\/noticia\/wp-json\/wp\/v2\/media?parent=216203"}],"wp:term":[{"taxonomy":"category","embeddable":true,"href":"https:\/\/migracao.redenoticia.com.br\/noticia\/wp-json\/wp\/v2\/categories?post=216203"},{"taxonomy":"post_tag","embeddable":true,"href":"https:\/\/migracao.redenoticia.com.br\/noticia\/wp-json\/wp\/v2\/tags?post=216203"}],"curies":[{"name":"wp","href":"https:\/\/api.w.org\/{rel}","templated":true}]}}