{"id":21640,"date":"2010-01-13T22:07:41","date_gmt":"2010-01-14T02:07:41","guid":{"rendered":"http:\/\/www.redenoticia.com.br\/noticia\/?p=21640"},"modified":"2012-04-02T15:39:25","modified_gmt":"2012-04-02T18:39:25","slug":"resumo-de-novela-bruno-reabre-hotel-diana-em-poder-paralelo","status":"publish","type":"post","link":"https:\/\/migracao.redenoticia.com.br\/noticia\/2010\/resumo-de-novela-bruno-reabre-hotel-diana-em-poder-paralelo\/21640","title":{"rendered":"Resumo de Novela &#8211; Bruno reabre Hotel Diana em Poder Paralelo"},"content":{"rendered":"<p><img loading=\"lazy\" decoding=\"async\" class=\"alignleft size-full wp-image-17363\" title=\"novela record poder paralelo\" src=\"https:\/\/migracao.redenoticia.com.br\/noticia\/imagens\/novela-record-poder-paralelo.jpg\" alt=\"\" width=\"300\" height=\"193\" srcset=\"https:\/\/migracao.redenoticia.com.br\/noticia\/imagens\/novela-record-poder-paralelo.jpg 300w, https:\/\/migracao.redenoticia.com.br\/noticia\/imagens\/novela-record-poder-paralelo-250x160.jpg 250w, https:\/\/migracao.redenoticia.com.br\/noticia\/imagens\/novela-record-poder-paralelo-150x96.jpg 150w\" sizes=\"auto, (max-width: 300px) 100vw, 300px\" \/>Em <strong><em>Poder Paralelo<\/em><\/strong>, <strong><em>novela da Rede Record<\/em><\/strong>, depois de ver o Hotel Diana esvaziado, Bruno (Marcelo Serrado)\u00a0organiza uma festa para reabri-lo. Em meio a dezenas de convidados, ele sobe ao palco para dizer que a pol\u00edcia j\u00e1 sabe quem \u00e9 o autor dos crimes b\u00e1rbaros que aconteceram dentro\u00a0de seu\u00a0empreendimento e que a paz voltou a reinar em sua vida e no Diana. Por fim, o vil\u00e3o brinda a nova fase com a filha, Luiza (Fernanda nobre), a diretora do Hotel. A sequ\u00eancia est\u00e1 prevista para ser exibida no cap\u00edtulo do dia 14. \u00a0<\/p>\n<p>Jorge Pontual faz participa\u00e7\u00e3o em Poder Paralelo &#8211; Jorge Pontual gravou participa\u00e7\u00e3o em Poder Paralelo como o gal\u00e3 da novela Mascaradas, estrelada por Fernanda (Paloma Duarte). Seu personagem aparece para gravar as cenas finais da trama ao lado da atriz. A sequ\u00eancia est\u00e1 prevista para ser exibida no cap\u00edtulo do dia 15.<\/p>\n<p>Cal\u00f3 visita Tony no hospital &#8211; Em Poder Paralelo, Cal\u00f3 (Gracindo Jr.) visita Tony (Gabriel Braga Nunes) no hospital e se emociona ao tocar a m\u00e3o do filho. Preocupado, ele pergunta ao m\u00e9dico se o herdeiro vai viver. O profissional, ent\u00e3o, avisa que est\u00e1 fazendo tudo o que est\u00e1 ao seu alcance. \u00a0Em seguida, Cal\u00f3 entrega uma carta ao m\u00e9dico e pede para ele dar a Tony assim que ele abrir os olhos. E, antes de ir embora, o italiano revela que Tony \u00e9 seu filho preferido e diz ter certeza que ele vai sobreviver. A sequ\u00eancia est\u00e1 prevista para ir ao ar no cap\u00edtulo do dia 15.<\/p>\n<p>Poder Paralelo, novela da Rede Record<\/p>\n","protected":false},"excerpt":{"rendered":"<p>Em Poder Paralelo, novela da Rede Record, depois de ver o Hotel Diana esvaziado, Bruno (Marcelo Serrado)\u00a0organiza uma festa para reabri-lo. Em meio a dezenas de convidados, ele sobe ao palco para dizer que a pol\u00edcia j\u00e1 sabe quem \u00e9 o autor dos crimes b\u00e1rbaros que aconteceram dentro\u00a0de seu\u00a0empreendimento e que a paz voltou a [&hellip;]<\/p>\n","protected":false},"author":3,"featured_media":0,"comment_status":"open","ping_status":"open","sticky":false,"template":"","format":"standard","meta":{"tdm_status":"","tdm_grid_status":"","footnotes":""},"categories":[22,379,371,343],"tags":[],"class_list":{"0":"post-21640","1":"post","2":"type-post","3":"status-publish","4":"format-standard","6":"category-brasil","7":"category-novelas","8":"category-rede-record","9":"category-televisao"},"_links":{"self":[{"href":"https:\/\/migracao.redenoticia.com.br\/noticia\/wp-json\/wp\/v2\/posts\/21640","targetHints":{"allow":["GET"]}}],"collection":[{"href":"https:\/\/migracao.redenoticia.com.br\/noticia\/wp-json\/wp\/v2\/posts"}],"about":[{"href":"https:\/\/migracao.redenoticia.com.br\/noticia\/wp-json\/wp\/v2\/types\/post"}],"author":[{"embeddable":true,"href":"https:\/\/migracao.redenoticia.com.br\/noticia\/wp-json\/wp\/v2\/users\/3"}],"replies":[{"embeddable":true,"href":"https:\/\/migracao.redenoticia.com.br\/noticia\/wp-json\/wp\/v2\/comments?post=21640"}],"version-history":[{"count":0,"href":"https:\/\/migracao.redenoticia.com.br\/noticia\/wp-json\/wp\/v2\/posts\/21640\/revisions"}],"wp:attachment":[{"href":"https:\/\/migracao.redenoticia.com.br\/noticia\/wp-json\/wp\/v2\/media?parent=21640"}],"wp:term":[{"taxonomy":"category","embeddable":true,"href":"https:\/\/migracao.redenoticia.com.br\/noticia\/wp-json\/wp\/v2\/categories?post=21640"},{"taxonomy":"post_tag","embeddable":true,"href":"https:\/\/migracao.redenoticia.com.br\/noticia\/wp-json\/wp\/v2\/tags?post=21640"}],"curies":[{"name":"wp","href":"https:\/\/api.w.org\/{rel}","templated":true}]}}