{"id":2165,"date":"2009-05-31T12:35:46","date_gmt":"2009-05-31T16:35:46","guid":{"rendered":"http:\/\/www.redenoticia.com.br\/noticia\/?p=2165"},"modified":"2009-05-31T12:35:46","modified_gmt":"2009-05-31T16:35:46","slug":"ji-parana-tera-novo-plano-de-carreira-para-professores","status":"publish","type":"post","link":"https:\/\/migracao.redenoticia.com.br\/noticia\/2009\/ji-parana-tera-novo-plano-de-carreira-para-professores\/2165","title":{"rendered":"Ji-Paran\u00e1 ter\u00e1 novo plano de carreira para professores"},"content":{"rendered":"<p class=\"MsoNormal\"><span class=\"titulo11\"><\/span><span style=\"font-size: 11pt; font-family: Arial;\"><\/span><span style=\"font-size: 11pt; font-family: Arial; color: black;\"><span style=\"color: black;\"><\/span>Foi divulgado na \u00faltima <\/span><span style=\"font-size: 11pt; font-family: Arial;\">sexta-feira (29) pelo Conselho Nacional de Educa\u00e7\u00e3o (CNE), as diretrizes para elabora\u00e7\u00e3o dos planos de carreira para professores e profissionais da educa\u00e7\u00e3o b\u00e1sica da rede p\u00fablica. <\/span><\/p>\n<p style=\"margin: 0cm 0cm 0.0001pt;\"><span style=\"font-size: 11pt; font-family: Arial;\"> <span style=\"color: black; display: none;\"><\/span>O poder executivo ter\u00e1 at\u00e9 31 de dezembro de 2009, para aprovar os respectivos projetos junto \u00e0s C\u00e2maras de Vereadores. <\/span><\/p>\n<p style=\"margin: 0cm 0cm 0.0001pt;\"><span style=\"font-size: 11pt; font-family: Arial;\"> <\/span><\/p>\n<p style=\"margin: 0cm 0cm 0.0001pt;\"><span style=\"font-size: 11pt; font-family: Arial;\">A mesma diretriz vale para o Governo de Rond\u00f4nia e Assembl\u00e9ia Legislativa.<\/span><\/p>\n<p style=\"margin: 0cm 0cm 0.0001pt;\"><span style=\"font-size: 11pt; font-family: Arial;\"> <\/span><\/p>\n<p style=\"margin: 0cm 0cm 0.0001pt;\"><span style=\"font-size: 11pt; font-family: Arial;\">A lei que estabeleceu o piso nacional dos professores j\u00e1 previa essa exig\u00eancia e o plano de carreira deve contemplar a progress\u00e3o funcional, a forma\u00e7\u00e3o inicial e continuada, o processo de escolha de diretores das escolas e o n\u00famero m\u00e1ximo de alunos por turma. <\/span><\/p>\n<p class=\"western\" style=\"margin: 0cm 0cm 0.0001pt; line-height: normal;\"><span style=\"font-size: 11pt; font-family: Arial;\"> <\/span><\/p>\n<p class=\"western\" style=\"margin: 0cm 0cm 0.0001pt; line-height: normal;\"><span style=\"font-size: 11pt; font-family: Arial;\">A resolu\u00e7\u00e3o do CNE est\u00e1 dispon\u00edvel no <em><a href=\"http:\/\/www.in.gov.br\/imprensa\/visualiza\/index.jsp?jornal=1&amp;pagina=41&amp;data=29\/05\/2009\" target=\"_self\">Di\u00e1rio Oficial da Uni\u00e3o<\/a><\/em>. <\/span><\/p>\n<p class=\"western\" style=\"margin: 0cm 0cm 0.0001pt; line-height: normal;\"><span style=\"font-size: 11pt; font-family: Arial;\"> <\/span><\/p>\n","protected":false},"excerpt":{"rendered":"<p>Foi divulgado na \u00faltima sexta-feira (29) pelo Conselho Nacional de Educa\u00e7\u00e3o (CNE), as diretrizes para elabora\u00e7\u00e3o dos planos de carreira para professores e profissionais da educa\u00e7\u00e3o b\u00e1sica da rede p\u00fablica. O poder executivo ter\u00e1 at\u00e9 31 de dezembro de 2009, para aprovar os respectivos projetos junto \u00e0s C\u00e2maras de Vereadores. A mesma diretriz vale para [&hellip;]<\/p>\n","protected":false},"author":3,"featured_media":0,"comment_status":"open","ping_status":"open","sticky":false,"template":"","format":"standard","meta":{"tdm_status":"","tdm_grid_status":"","footnotes":""},"categories":[22],"tags":[],"class_list":{"0":"post-2165","1":"post","2":"type-post","3":"status-publish","4":"format-standard","6":"category-brasil"},"_links":{"self":[{"href":"https:\/\/migracao.redenoticia.com.br\/noticia\/wp-json\/wp\/v2\/posts\/2165","targetHints":{"allow":["GET"]}}],"collection":[{"href":"https:\/\/migracao.redenoticia.com.br\/noticia\/wp-json\/wp\/v2\/posts"}],"about":[{"href":"https:\/\/migracao.redenoticia.com.br\/noticia\/wp-json\/wp\/v2\/types\/post"}],"author":[{"embeddable":true,"href":"https:\/\/migracao.redenoticia.com.br\/noticia\/wp-json\/wp\/v2\/users\/3"}],"replies":[{"embeddable":true,"href":"https:\/\/migracao.redenoticia.com.br\/noticia\/wp-json\/wp\/v2\/comments?post=2165"}],"version-history":[{"count":0,"href":"https:\/\/migracao.redenoticia.com.br\/noticia\/wp-json\/wp\/v2\/posts\/2165\/revisions"}],"wp:attachment":[{"href":"https:\/\/migracao.redenoticia.com.br\/noticia\/wp-json\/wp\/v2\/media?parent=2165"}],"wp:term":[{"taxonomy":"category","embeddable":true,"href":"https:\/\/migracao.redenoticia.com.br\/noticia\/wp-json\/wp\/v2\/categories?post=2165"},{"taxonomy":"post_tag","embeddable":true,"href":"https:\/\/migracao.redenoticia.com.br\/noticia\/wp-json\/wp\/v2\/tags?post=2165"}],"curies":[{"name":"wp","href":"https:\/\/api.w.org\/{rel}","templated":true}]}}