{"id":216562,"date":"2022-02-23T14:26:09","date_gmt":"2022-02-23T17:26:09","guid":{"rendered":"https:\/\/www.redenoticia.com.br\/noticia\/?p=216562"},"modified":"2022-02-23T14:26:09","modified_gmt":"2022-02-23T17:26:09","slug":"resumo-quanto-mais-vida-melhor-24-02-rose-se-atrasa-para-a-audiencia","status":"publish","type":"post","link":"https:\/\/migracao.redenoticia.com.br\/noticia\/2022\/resumo-quanto-mais-vida-melhor-24-02-rose-se-atrasa-para-a-audiencia\/216562","title":{"rendered":"Resumo \u201cQuanto Mais Vida, Melhor\u201d 24\/02: Rose se atrasa para a audi\u00eancia"},"content":{"rendered":"<p><img loading=\"lazy\" decoding=\"async\" src=\"https:\/\/migracao.redenoticia.com.br\/noticia\/imagens\/quanto-mais-vida-melhor-globo-novela-resumo-elenco-personagens.jpeg\" alt=\"\" width=\"1280\" height=\"720\" class=\"aligncenter size-full wp-image-212546\" srcset=\"https:\/\/migracao.redenoticia.com.br\/noticia\/imagens\/quanto-mais-vida-melhor-globo-novela-resumo-elenco-personagens.jpeg 1280w, https:\/\/migracao.redenoticia.com.br\/noticia\/imagens\/quanto-mais-vida-melhor-globo-novela-resumo-elenco-personagens-250x140.jpeg 250w, https:\/\/migracao.redenoticia.com.br\/noticia\/imagens\/quanto-mais-vida-melhor-globo-novela-resumo-elenco-personagens-400x225.jpeg 400w, https:\/\/migracao.redenoticia.com.br\/noticia\/imagens\/quanto-mais-vida-melhor-globo-novela-resumo-elenco-personagens-768x432.jpeg 768w, https:\/\/migracao.redenoticia.com.br\/noticia\/imagens\/quanto-mais-vida-melhor-globo-novela-resumo-elenco-personagens-150x85.jpeg 150w\" sizes=\"auto, (max-width: 1280px) 100vw, 1280px\" \/><\/p>\n<p><em><strong>Resumo da novela \u201cQuanto Mais Vida, Melhor\u201d<\/strong><\/em> em 24\/02: no cap\u00edtulo 082(*) da novela, Teca comenta com Trombada sobre o desempenho de Nen\u00e9m em campo. Tina e Tigr\u00e3o enfrentam Guilherme. Conrado foge da cadeia. Carmem questiona Marcelo sobre a doen\u00e7a de Paula.<\/p>\n<p>Celina leva o resultado do exame de DNA para Rose. Carmem procura Guilherme. Rose leva o exame de DNA para Joana. Guilherme se preocupa com o atraso de Rose para a audi\u00eancia. Fl\u00e1via descobre que o convidado VIP de Roni \u00e9 Conrado.<\/p>\n<p>(*) edi\u00e7\u00e3o das novelas da Globo, \u201cQuanto Mais Vida, Melhor\u201d, sujeito a altera\u00e7\u00e3o de data e conte\u00fado.<\/p>\n<p>Sinopse \u201cQuanto Mais Vida, Melhor\u201d: Ap\u00f3s morrerem em um acidente a\u00e9reo, Paula (Giovanna Antonelli), Nen\u00e9m (Vladimir Brichta), Fl\u00e1via (Valentina Herszage) e Guilherme (Mateus Solano) recebem uma segunda chance da Morte (Marcella Maia) sob uma condi\u00e7\u00e3o: devem consertar suas vidas e, ap\u00f3s um ano, apenas um deles morrer\u00e1 definitivamente.<\/p>\n<p>Escrita por Mauro Wilson, com colabora\u00e7\u00e3o de Marcelo Gon\u00e7alves, Mariana Torres e Rodrigo Salom\u00e3o, tem dire\u00e7\u00e3o de Ana Paula Guimar\u00e3es, Natalia Warth, Dayse Amaral e Bernardo S\u00e1, dire\u00e7\u00e3o geral de Pedro Brenelli e dire\u00e7\u00e3o art\u00edstica de Allan Fiterman.<\/p>\n","protected":false},"excerpt":{"rendered":"<p>Resumo da novela \u201cQuanto Mais Vida, Melhor\u201d em 24\/02: no cap\u00edtulo 082(*) da novela, Teca comenta com Trombada sobre o desempenho de Nen\u00e9m em campo. Tina e Tigr\u00e3o enfrentam Guilherme. Conrado foge da cadeia. Carmem questiona Marcelo sobre a doen\u00e7a de Paula. Celina leva o resultado do exame de DNA para Rose. Carmem procura Guilherme. [&hellip;]<\/p>\n","protected":false},"author":4,"featured_media":212545,"comment_status":"closed","ping_status":"closed","sticky":false,"template":"","format":"standard","meta":{"tdm_status":"","tdm_grid_status":"","footnotes":""},"categories":[379,2226,375,2025,343],"tags":[441],"class_list":{"0":"post-216562","1":"post","2":"type-post","3":"status-publish","4":"format-standard","5":"has-post-thumbnail","7":"category-novelas","8":"category-quanto-mais-vida-melhor","9":"category-rede-globo","10":"category-resumo","11":"category-televisao","12":"tag-resumo-do-dia"},"_links":{"self":[{"href":"https:\/\/migracao.redenoticia.com.br\/noticia\/wp-json\/wp\/v2\/posts\/216562","targetHints":{"allow":["GET"]}}],"collection":[{"href":"https:\/\/migracao.redenoticia.com.br\/noticia\/wp-json\/wp\/v2\/posts"}],"about":[{"href":"https:\/\/migracao.redenoticia.com.br\/noticia\/wp-json\/wp\/v2\/types\/post"}],"author":[{"embeddable":true,"href":"https:\/\/migracao.redenoticia.com.br\/noticia\/wp-json\/wp\/v2\/users\/4"}],"replies":[{"embeddable":true,"href":"https:\/\/migracao.redenoticia.com.br\/noticia\/wp-json\/wp\/v2\/comments?post=216562"}],"version-history":[{"count":0,"href":"https:\/\/migracao.redenoticia.com.br\/noticia\/wp-json\/wp\/v2\/posts\/216562\/revisions"}],"wp:featuredmedia":[{"embeddable":true,"href":"https:\/\/migracao.redenoticia.com.br\/noticia\/wp-json\/wp\/v2\/media\/212545"}],"wp:attachment":[{"href":"https:\/\/migracao.redenoticia.com.br\/noticia\/wp-json\/wp\/v2\/media?parent=216562"}],"wp:term":[{"taxonomy":"category","embeddable":true,"href":"https:\/\/migracao.redenoticia.com.br\/noticia\/wp-json\/wp\/v2\/categories?post=216562"},{"taxonomy":"post_tag","embeddable":true,"href":"https:\/\/migracao.redenoticia.com.br\/noticia\/wp-json\/wp\/v2\/tags?post=216562"}],"curies":[{"name":"wp","href":"https:\/\/api.w.org\/{rel}","templated":true}]}}