{"id":216615,"date":"2022-02-24T15:52:22","date_gmt":"2022-02-24T18:52:22","guid":{"rendered":"https:\/\/www.redenoticia.com.br\/noticia\/?p=216615"},"modified":"2022-02-24T15:52:22","modified_gmt":"2022-02-24T18:52:22","slug":"resumo-um-lugar-ao-sol-25-02-rebeca-descobre-que-tulio-e-ruth-roubam-redentor","status":"publish","type":"post","link":"https:\/\/migracao.redenoticia.com.br\/noticia\/2022\/resumo-um-lugar-ao-sol-25-02-rebeca-descobre-que-tulio-e-ruth-roubam-redentor\/216615","title":{"rendered":"Resumo &#8220;Um Lugar ao Sol&#8221; 25\/02: Rebeca descobre que T\u00falio e Ruth roubam Redentor"},"content":{"rendered":"<p><img loading=\"lazy\" decoding=\"async\" class=\"aligncenter size-full wp-image-212131\" src=\"https:\/\/migracao.redenoticia.com.br\/noticia\/imagens\/um-lugar-ao-sol-resumo-novela-globo-personagens-caua.jpg\" alt=\"\" width=\"1280\" height=\"720\" srcset=\"https:\/\/migracao.redenoticia.com.br\/noticia\/imagens\/um-lugar-ao-sol-resumo-novela-globo-personagens-caua.jpg 1280w, https:\/\/migracao.redenoticia.com.br\/noticia\/imagens\/um-lugar-ao-sol-resumo-novela-globo-personagens-caua-250x140.jpg 250w, https:\/\/migracao.redenoticia.com.br\/noticia\/imagens\/um-lugar-ao-sol-resumo-novela-globo-personagens-caua-400x225.jpg 400w, https:\/\/migracao.redenoticia.com.br\/noticia\/imagens\/um-lugar-ao-sol-resumo-novela-globo-personagens-caua-768x432.jpg 768w, https:\/\/migracao.redenoticia.com.br\/noticia\/imagens\/um-lugar-ao-sol-resumo-novela-globo-personagens-caua-150x85.jpg 150w\" sizes=\"auto, (max-width: 1280px) 100vw, 1280px\" \/><\/p>\n<p><strong><em>Resumo da novela &#8220;Um Lugar ao Sol&#8221;<\/em><\/strong> em 25\/02: no cap\u00edtulo 095(*) da novela, Rebeca informa a Santiago que Christian\/Renato est\u00e1 fora de perigo. Santiago considera Christian\/Renato um her\u00f3i por ter salvado a In\u00e1cia. Christian\/Renato diz a B\u00e1rbara que seu nome n\u00e3o \u00e9 Renato.<\/p>\n<p>A enfermeira afirma a B\u00e1rbara que a oscila\u00e7\u00e3o de consci\u00eancia de Christian\/Renato \u00e9 normal. B\u00e1rbara questiona Elenice se o irm\u00e3o de Christian\/Renato era seu g\u00eameo id\u00eantico. Santiago conta a Rebeca que descobriu que T\u00falio e Ruth o roubavam h\u00e1 anos.<\/p>\n<p>(*) edi\u00e7\u00e3o das novelas da Globo, &#8220;Um Lugar ao Sol&#8221;, sujeito a altera\u00e7\u00e3o de data e conte\u00fado.<\/p>\n<p>Sinopse &#8220;Um Lugar ao Sol&#8221;: Christian assume a personalidade e o comportamento do irm\u00e3o morto. Decidido a deixar o passado para tr\u00e1s, assume a identidade de Renato, tendo Ravi como \u00fanico confidente. Ele v\u00ea seu grande amor, Lara, enterrar o corpo que supostamente seria seu e segue rumo a uma nova vida, tendo que lidar com as consequ\u00eancias de sua escolha.<\/p>\n","protected":false},"excerpt":{"rendered":"<p>Resumo da novela &#8220;Um Lugar ao Sol&#8221; em 25\/02: no cap\u00edtulo 095(*) da novela, Rebeca informa a Santiago que Christian\/Renato est\u00e1 fora de perigo. Santiago considera Christian\/Renato um her\u00f3i por ter salvado a In\u00e1cia. Christian\/Renato diz a B\u00e1rbara que seu nome n\u00e3o \u00e9 Renato. A enfermeira afirma a B\u00e1rbara que a oscila\u00e7\u00e3o de consci\u00eancia de [&hellip;]<\/p>\n","protected":false},"author":4,"featured_media":212132,"comment_status":"closed","ping_status":"closed","sticky":false,"template":"","format":"standard","meta":{"tdm_status":"","tdm_grid_status":"","footnotes":""},"categories":[379,375,2025,343,2223],"tags":[441],"class_list":{"0":"post-216615","1":"post","2":"type-post","3":"status-publish","4":"format-standard","5":"has-post-thumbnail","7":"category-novelas","8":"category-rede-globo","9":"category-resumo","10":"category-televisao","11":"category-um-lugar-ao-sol","12":"tag-resumo-do-dia"},"_links":{"self":[{"href":"https:\/\/migracao.redenoticia.com.br\/noticia\/wp-json\/wp\/v2\/posts\/216615","targetHints":{"allow":["GET"]}}],"collection":[{"href":"https:\/\/migracao.redenoticia.com.br\/noticia\/wp-json\/wp\/v2\/posts"}],"about":[{"href":"https:\/\/migracao.redenoticia.com.br\/noticia\/wp-json\/wp\/v2\/types\/post"}],"author":[{"embeddable":true,"href":"https:\/\/migracao.redenoticia.com.br\/noticia\/wp-json\/wp\/v2\/users\/4"}],"replies":[{"embeddable":true,"href":"https:\/\/migracao.redenoticia.com.br\/noticia\/wp-json\/wp\/v2\/comments?post=216615"}],"version-history":[{"count":0,"href":"https:\/\/migracao.redenoticia.com.br\/noticia\/wp-json\/wp\/v2\/posts\/216615\/revisions"}],"wp:featuredmedia":[{"embeddable":true,"href":"https:\/\/migracao.redenoticia.com.br\/noticia\/wp-json\/wp\/v2\/media\/212132"}],"wp:attachment":[{"href":"https:\/\/migracao.redenoticia.com.br\/noticia\/wp-json\/wp\/v2\/media?parent=216615"}],"wp:term":[{"taxonomy":"category","embeddable":true,"href":"https:\/\/migracao.redenoticia.com.br\/noticia\/wp-json\/wp\/v2\/categories?post=216615"},{"taxonomy":"post_tag","embeddable":true,"href":"https:\/\/migracao.redenoticia.com.br\/noticia\/wp-json\/wp\/v2\/tags?post=216615"}],"curies":[{"name":"wp","href":"https:\/\/api.w.org\/{rel}","templated":true}]}}