{"id":2168,"date":"2009-05-31T12:45:15","date_gmt":"2009-05-31T16:45:15","guid":{"rendered":"http:\/\/www.redenoticia.com.br\/noticia\/?p=2168"},"modified":"2009-05-31T12:58:40","modified_gmt":"2009-05-31T16:58:40","slug":"campeoes-jem%e2%80%99s-ji-parana-receberam-medalhas-e-trofeus","status":"publish","type":"post","link":"https:\/\/migracao.redenoticia.com.br\/noticia\/2009\/campeoes-jem%e2%80%99s-ji-parana-receberam-medalhas-e-trofeus\/2168","title":{"rendered":"Campe\u00f5es JEM\u2019s Ji-Paran\u00e1 receberam medalhas e trof\u00e9us"},"content":{"rendered":"<p class=\"MsoNormal\"><span style=\"font-family: Arial;\">A Cerim\u00f4nia de encerramento e premia\u00e7\u00e3o dos atletas que participaram do JEM\u2019s foi neste domingo (31) na Escola Gon\u00e7alves Dias.<\/span><\/p>\n<p class=\"MsoNormal\"><span style=\"font-family: Arial;\">A coordena\u00e7\u00e3o do evento convocou todos os alunos-atletas que ainda n\u00e3o haviam recebido as premia\u00e7\u00f5es, acompanhados dos seus respectivos t\u00e9cnicos, para participarem da cerim\u00f4nia.<\/span><\/p>\n<p class=\"MsoNormal\"><span style=\"font-family: Arial;\">Com a quadra repleta de alunos e torcida, os campe\u00f5es receberam a devida e merecida homenagem.<\/span><\/p>\n<p class=\"MsoNormal\"><span style=\"font-family: Arial;\">O boletim completo com os nomes dos atletas e equipes classificadas para a pr\u00f3xima fase do JOER ser\u00e1 divulgado ainda hoje pela organiza\u00e7\u00e3o do evento.<\/span><\/p>\n","protected":false},"excerpt":{"rendered":"<p>A Cerim\u00f4nia de encerramento e premia\u00e7\u00e3o dos atletas que participaram do JEM\u2019s foi neste domingo (31) na Escola Gon\u00e7alves Dias. A coordena\u00e7\u00e3o do evento convocou todos os alunos-atletas que ainda n\u00e3o haviam recebido as premia\u00e7\u00f5es, acompanhados dos seus respectivos t\u00e9cnicos, para participarem da cerim\u00f4nia. Com a quadra repleta de alunos e torcida, os campe\u00f5es receberam [&hellip;]<\/p>\n","protected":false},"author":3,"featured_media":0,"comment_status":"open","ping_status":"open","sticky":false,"template":"","format":"standard","meta":{"tdm_status":"","tdm_grid_status":"","footnotes":""},"categories":[22],"tags":[],"class_list":{"0":"post-2168","1":"post","2":"type-post","3":"status-publish","4":"format-standard","6":"category-brasil"},"_links":{"self":[{"href":"https:\/\/migracao.redenoticia.com.br\/noticia\/wp-json\/wp\/v2\/posts\/2168","targetHints":{"allow":["GET"]}}],"collection":[{"href":"https:\/\/migracao.redenoticia.com.br\/noticia\/wp-json\/wp\/v2\/posts"}],"about":[{"href":"https:\/\/migracao.redenoticia.com.br\/noticia\/wp-json\/wp\/v2\/types\/post"}],"author":[{"embeddable":true,"href":"https:\/\/migracao.redenoticia.com.br\/noticia\/wp-json\/wp\/v2\/users\/3"}],"replies":[{"embeddable":true,"href":"https:\/\/migracao.redenoticia.com.br\/noticia\/wp-json\/wp\/v2\/comments?post=2168"}],"version-history":[{"count":0,"href":"https:\/\/migracao.redenoticia.com.br\/noticia\/wp-json\/wp\/v2\/posts\/2168\/revisions"}],"wp:attachment":[{"href":"https:\/\/migracao.redenoticia.com.br\/noticia\/wp-json\/wp\/v2\/media?parent=2168"}],"wp:term":[{"taxonomy":"category","embeddable":true,"href":"https:\/\/migracao.redenoticia.com.br\/noticia\/wp-json\/wp\/v2\/categories?post=2168"},{"taxonomy":"post_tag","embeddable":true,"href":"https:\/\/migracao.redenoticia.com.br\/noticia\/wp-json\/wp\/v2\/tags?post=2168"}],"curies":[{"name":"wp","href":"https:\/\/api.w.org\/{rel}","templated":true}]}}