{"id":217038,"date":"2022-03-08T15:53:29","date_gmt":"2022-03-08T18:53:29","guid":{"rendered":"https:\/\/www.redenoticia.com.br\/noticia\/?p=217038"},"modified":"2022-03-08T15:53:29","modified_gmt":"2022-03-08T18:53:29","slug":"resumo-quanto-mais-vida-melhor-09-03-leona-propoe-uma-alianca-a-paula-nenem","status":"publish","type":"post","link":"https:\/\/migracao.redenoticia.com.br\/noticia\/2022\/resumo-quanto-mais-vida-melhor-09-03-leona-propoe-uma-alianca-a-paula-nenem\/217038","title":{"rendered":"Resumo \u201cQuanto Mais Vida, Melhor\u201d 09\/03: Leona prop\u00f5e uma alian\u00e7a a Paula\/Nen\u00e9m"},"content":{"rendered":"<p><img loading=\"lazy\" decoding=\"async\" src=\"https:\/\/migracao.redenoticia.com.br\/noticia\/imagens\/quanto-mais-vida-melhor-globo-novela-resumo-elenco-personagens.jpeg\" alt=\"\" width=\"1280\" height=\"720\" class=\"aligncenter size-full wp-image-212546\" srcset=\"https:\/\/migracao.redenoticia.com.br\/noticia\/imagens\/quanto-mais-vida-melhor-globo-novela-resumo-elenco-personagens.jpeg 1280w, https:\/\/migracao.redenoticia.com.br\/noticia\/imagens\/quanto-mais-vida-melhor-globo-novela-resumo-elenco-personagens-250x140.jpeg 250w, https:\/\/migracao.redenoticia.com.br\/noticia\/imagens\/quanto-mais-vida-melhor-globo-novela-resumo-elenco-personagens-400x225.jpeg 400w, https:\/\/migracao.redenoticia.com.br\/noticia\/imagens\/quanto-mais-vida-melhor-globo-novela-resumo-elenco-personagens-768x432.jpeg 768w, https:\/\/migracao.redenoticia.com.br\/noticia\/imagens\/quanto-mais-vida-melhor-globo-novela-resumo-elenco-personagens-150x85.jpeg 150w\" sizes=\"auto, (max-width: 1280px) 100vw, 1280px\" \/><\/p>\n<p><em><strong>Resumo da novela \u201cQuanto Mais Vida, Melhor\u201d<\/strong><\/em> em 09\/03: no cap\u00edtulo 093(*) da novela,  Nen\u00e9m\/Paula \u00e9 apoiado pela fam\u00edlia e Chic\u00e3o vai embora. Paula\/Nen\u00e9m n\u00e3o aceita a proposta de Carmem. Teca fica irritada quando Trombada reclama do que aconteceu com Nen\u00e9m. Leona prop\u00f5e uma alian\u00e7a a Paula\/Nen\u00e9m.<\/p>\n<p>Guilherme\/Fl\u00e1via ouve Fl\u00e1via\/Guilherme elogiando Rose e se entristece. Nen\u00e9m\/Paula consegue o v\u00eddeo da despedida de solteiro com Trombada. Celina afirma que n\u00e3o deixar\u00e1 seu filho se envolver com uma dan\u00e7arina. Edson provoca uma briga entre Osvaldo e Nedda. Prado e Nunes perguntam por Conrado na Pulp Fiction. Paula\/Nen\u00e9m v\u00ea no v\u00eddeo Cora colocando alguma coisa na bebida de Jonas.<\/p>\n<p>(*) edi\u00e7\u00e3o das novelas da Globo, \u201cQuanto Mais Vida, Melhor\u201d, sujeito a altera\u00e7\u00e3o de data e conte\u00fado.<\/p>\n<p>Sinopse \u201cQuanto Mais Vida, Melhor\u201d: Ap\u00f3s morrerem em um acidente a\u00e9reo, Paula (Giovanna Antonelli), Nen\u00e9m (Vladimir Brichta), Fl\u00e1via (Valentina Herszage) e Guilherme (Mateus Solano) recebem uma segunda chance da Morte (Marcella Maia) sob uma condi\u00e7\u00e3o: devem consertar suas vidas e, ap\u00f3s um ano, apenas um deles morrer\u00e1 definitivamente.<\/p>\n<p>Escrita por Mauro Wilson, com colabora\u00e7\u00e3o de Marcelo Gon\u00e7alves, Mariana Torres e Rodrigo Salom\u00e3o, tem dire\u00e7\u00e3o de Ana Paula Guimar\u00e3es, Natalia Warth, Dayse Amaral e Bernardo S\u00e1, dire\u00e7\u00e3o geral de Pedro Brenelli e dire\u00e7\u00e3o art\u00edstica de Allan Fiterman.<\/p>\n","protected":false},"excerpt":{"rendered":"<p>Resumo da novela \u201cQuanto Mais Vida, Melhor\u201d em 09\/03: no cap\u00edtulo 093(*) da novela, Nen\u00e9m\/Paula \u00e9 apoiado pela fam\u00edlia e Chic\u00e3o vai embora. Paula\/Nen\u00e9m n\u00e3o aceita a proposta de Carmem. Teca fica irritada quando Trombada reclama do que aconteceu com Nen\u00e9m. Leona prop\u00f5e uma alian\u00e7a a Paula\/Nen\u00e9m. Guilherme\/Fl\u00e1via ouve Fl\u00e1via\/Guilherme elogiando Rose e se entristece. [&hellip;]<\/p>\n","protected":false},"author":4,"featured_media":212545,"comment_status":"closed","ping_status":"closed","sticky":false,"template":"","format":"standard","meta":{"tdm_status":"","tdm_grid_status":"","footnotes":""},"categories":[379,2226,375,2025,343],"tags":[441],"class_list":{"0":"post-217038","1":"post","2":"type-post","3":"status-publish","4":"format-standard","5":"has-post-thumbnail","7":"category-novelas","8":"category-quanto-mais-vida-melhor","9":"category-rede-globo","10":"category-resumo","11":"category-televisao","12":"tag-resumo-do-dia"},"_links":{"self":[{"href":"https:\/\/migracao.redenoticia.com.br\/noticia\/wp-json\/wp\/v2\/posts\/217038","targetHints":{"allow":["GET"]}}],"collection":[{"href":"https:\/\/migracao.redenoticia.com.br\/noticia\/wp-json\/wp\/v2\/posts"}],"about":[{"href":"https:\/\/migracao.redenoticia.com.br\/noticia\/wp-json\/wp\/v2\/types\/post"}],"author":[{"embeddable":true,"href":"https:\/\/migracao.redenoticia.com.br\/noticia\/wp-json\/wp\/v2\/users\/4"}],"replies":[{"embeddable":true,"href":"https:\/\/migracao.redenoticia.com.br\/noticia\/wp-json\/wp\/v2\/comments?post=217038"}],"version-history":[{"count":0,"href":"https:\/\/migracao.redenoticia.com.br\/noticia\/wp-json\/wp\/v2\/posts\/217038\/revisions"}],"wp:featuredmedia":[{"embeddable":true,"href":"https:\/\/migracao.redenoticia.com.br\/noticia\/wp-json\/wp\/v2\/media\/212545"}],"wp:attachment":[{"href":"https:\/\/migracao.redenoticia.com.br\/noticia\/wp-json\/wp\/v2\/media?parent=217038"}],"wp:term":[{"taxonomy":"category","embeddable":true,"href":"https:\/\/migracao.redenoticia.com.br\/noticia\/wp-json\/wp\/v2\/categories?post=217038"},{"taxonomy":"post_tag","embeddable":true,"href":"https:\/\/migracao.redenoticia.com.br\/noticia\/wp-json\/wp\/v2\/tags?post=217038"}],"curies":[{"name":"wp","href":"https:\/\/api.w.org\/{rel}","templated":true}]}}