{"id":217190,"date":"2022-03-12T16:44:36","date_gmt":"2022-03-12T19:44:36","guid":{"rendered":"https:\/\/www.redenoticia.com.br\/noticia\/?p=217190"},"modified":"2022-03-12T16:44:36","modified_gmt":"2022-03-12T19:44:36","slug":"resumo-quanto-mais-vida-melhor-14-03-cora-sequestra-teca","status":"publish","type":"post","link":"https:\/\/migracao.redenoticia.com.br\/noticia\/2022\/resumo-quanto-mais-vida-melhor-14-03-cora-sequestra-teca\/217190","title":{"rendered":"Resumo \u201cQuanto Mais Vida, Melhor\u201d 14\/03: Cora sequestra Teca"},"content":{"rendered":"<p> <img loading=\"lazy\" decoding=\"async\" src=\"https:\/\/migracao.redenoticia.com.br\/noticia\/imagens\/quanto-mais-vida-melhor-globo-novela-resumo-elenco-personagens.jpeg\" alt=\"\" width=\"1280\" height=\"720\" class=\"aligncenter size-full wp-image-212546\" srcset=\"https:\/\/migracao.redenoticia.com.br\/noticia\/imagens\/quanto-mais-vida-melhor-globo-novela-resumo-elenco-personagens.jpeg 1280w, https:\/\/migracao.redenoticia.com.br\/noticia\/imagens\/quanto-mais-vida-melhor-globo-novela-resumo-elenco-personagens-250x140.jpeg 250w, https:\/\/migracao.redenoticia.com.br\/noticia\/imagens\/quanto-mais-vida-melhor-globo-novela-resumo-elenco-personagens-400x225.jpeg 400w, https:\/\/migracao.redenoticia.com.br\/noticia\/imagens\/quanto-mais-vida-melhor-globo-novela-resumo-elenco-personagens-768x432.jpeg 768w, https:\/\/migracao.redenoticia.com.br\/noticia\/imagens\/quanto-mais-vida-melhor-globo-novela-resumo-elenco-personagens-150x85.jpeg 150w\" sizes=\"auto, (max-width: 1280px) 100vw, 1280px\" \/><\/p>\n<p><em><strong>Resumo da novela \u201cQuanto Mais Vida, Melhor\u201d<\/strong><\/em> em 14\/03: no cap\u00edtulo 097(*) da novela, come\u00e7a a audi\u00eancia de Nen\u00e9m\/Paula. Leona e Paula\/Nen\u00e9m n\u00e3o conseguem abrir o cofre de Carmem. Fl\u00e1via\/Guilherme fica feliz com a presen\u00e7a de Rose na inaugura\u00e7\u00e3o da ala pedi\u00e1trica. Nedda amea\u00e7a Roni para salvar a carreira de Nen\u00e9m. Trombada e Chic\u00e3o dep\u00f5em na audi\u00eancia.<\/p>\n<p>Fl\u00e1via\/Guilherme ajuda Guilherme\/Fl\u00e1via com o discurso. Cora sequestra Teca. Carmem fica animada com a ideia de Paula\/Nen\u00e9m para um novo lan\u00e7amento na empresa. Celina reclama da presen\u00e7a de Rose na cl\u00ednica. Cora amea\u00e7a Teca. Nedda reza pelos filhos. Fl\u00e1via\/Guilherme pede para Guilherme\/Fl\u00e1via chamar Rose para trabalhar na ala pedi\u00e1trica. Osvaldo n\u00e3o consegue adiar a audi\u00eancia de Nen\u00e9m. Roni desarma Cora e se aproxima de Teca.<\/p>\n<p>(*) edi\u00e7\u00e3o das novelas da Globo, \u201cQuanto Mais Vida, Melhor\u201d, sujeito a altera\u00e7\u00e3o de data e conte\u00fado.<\/p>\n<p>Sinopse \u201cQuanto Mais Vida, Melhor\u201d: Ap\u00f3s morrerem em um acidente a\u00e9reo, Paula (Giovanna Antonelli), Nen\u00e9m (Vladimir Brichta), Fl\u00e1via (Valentina Herszage) e Guilherme (Mateus Solano) recebem uma segunda chance da Morte (Marcella Maia) sob uma condi\u00e7\u00e3o: devem consertar suas vidas e, ap\u00f3s um ano, apenas um deles morrer\u00e1 definitivamente.<\/p>\n<p>Escrita por Mauro Wilson, com colabora\u00e7\u00e3o de Marcelo Gon\u00e7alves, Mariana Torres e Rodrigo Salom\u00e3o, tem dire\u00e7\u00e3o de Ana Paula Guimar\u00e3es, Natalia Warth, Dayse Amaral e Bernardo S\u00e1, dire\u00e7\u00e3o geral de Pedro Brenelli e dire\u00e7\u00e3o art\u00edstica de Allan Fiterman.<\/p>\n","protected":false},"excerpt":{"rendered":"<p>Resumo da novela \u201cQuanto Mais Vida, Melhor\u201d em 14\/03: no cap\u00edtulo 097(*) da novela, come\u00e7a a audi\u00eancia de Nen\u00e9m\/Paula. Leona e Paula\/Nen\u00e9m n\u00e3o conseguem abrir o cofre de Carmem. Fl\u00e1via\/Guilherme fica feliz com a presen\u00e7a de Rose na inaugura\u00e7\u00e3o da ala pedi\u00e1trica. Nedda amea\u00e7a Roni para salvar a carreira de Nen\u00e9m. Trombada e Chic\u00e3o dep\u00f5em [&hellip;]<\/p>\n","protected":false},"author":2,"featured_media":212545,"comment_status":"closed","ping_status":"closed","sticky":false,"template":"","format":"standard","meta":{"tdm_status":"","tdm_grid_status":"","footnotes":""},"categories":[379,2226,375,2025,343],"tags":[441],"class_list":{"0":"post-217190","1":"post","2":"type-post","3":"status-publish","4":"format-standard","5":"has-post-thumbnail","7":"category-novelas","8":"category-quanto-mais-vida-melhor","9":"category-rede-globo","10":"category-resumo","11":"category-televisao","12":"tag-resumo-do-dia"},"_links":{"self":[{"href":"https:\/\/migracao.redenoticia.com.br\/noticia\/wp-json\/wp\/v2\/posts\/217190","targetHints":{"allow":["GET"]}}],"collection":[{"href":"https:\/\/migracao.redenoticia.com.br\/noticia\/wp-json\/wp\/v2\/posts"}],"about":[{"href":"https:\/\/migracao.redenoticia.com.br\/noticia\/wp-json\/wp\/v2\/types\/post"}],"author":[{"embeddable":true,"href":"https:\/\/migracao.redenoticia.com.br\/noticia\/wp-json\/wp\/v2\/users\/2"}],"replies":[{"embeddable":true,"href":"https:\/\/migracao.redenoticia.com.br\/noticia\/wp-json\/wp\/v2\/comments?post=217190"}],"version-history":[{"count":0,"href":"https:\/\/migracao.redenoticia.com.br\/noticia\/wp-json\/wp\/v2\/posts\/217190\/revisions"}],"wp:featuredmedia":[{"embeddable":true,"href":"https:\/\/migracao.redenoticia.com.br\/noticia\/wp-json\/wp\/v2\/media\/212545"}],"wp:attachment":[{"href":"https:\/\/migracao.redenoticia.com.br\/noticia\/wp-json\/wp\/v2\/media?parent=217190"}],"wp:term":[{"taxonomy":"category","embeddable":true,"href":"https:\/\/migracao.redenoticia.com.br\/noticia\/wp-json\/wp\/v2\/categories?post=217190"},{"taxonomy":"post_tag","embeddable":true,"href":"https:\/\/migracao.redenoticia.com.br\/noticia\/wp-json\/wp\/v2\/tags?post=217190"}],"curies":[{"name":"wp","href":"https:\/\/api.w.org\/{rel}","templated":true}]}}