{"id":217540,"date":"2022-03-22T17:01:40","date_gmt":"2022-03-22T20:01:40","guid":{"rendered":"https:\/\/www.redenoticia.com.br\/noticia\/?p=217540"},"modified":"2022-03-22T17:01:40","modified_gmt":"2022-03-22T20:01:40","slug":"resumo-poliana-moca-23-03-poliana-pede-conselho-amoroso-a-tia-luisa","status":"publish","type":"post","link":"https:\/\/migracao.redenoticia.com.br\/noticia\/2022\/resumo-poliana-moca-23-03-poliana-pede-conselho-amoroso-a-tia-luisa\/217540","title":{"rendered":"Resumo \u201cPoliana Mo\u00e7a\u201d 23\/03: Poliana pede conselho amoroso a tia Lu\u00edsa"},"content":{"rendered":"<p><img loading=\"lazy\" decoding=\"async\" class=\"aligncenter size-full wp-image-217353\" src=\"https:\/\/migracao.redenoticia.com.br\/noticia\/imagens\/poliana_moca_elenco.jpg\" alt=\"\" width=\"1280\" height=\"720\" srcset=\"https:\/\/migracao.redenoticia.com.br\/noticia\/imagens\/poliana_moca_elenco.jpg 1280w, https:\/\/migracao.redenoticia.com.br\/noticia\/imagens\/poliana_moca_elenco-250x140.jpg 250w, https:\/\/migracao.redenoticia.com.br\/noticia\/imagens\/poliana_moca_elenco-400x225.jpg 400w, https:\/\/migracao.redenoticia.com.br\/noticia\/imagens\/poliana_moca_elenco-768x432.jpg 768w, https:\/\/migracao.redenoticia.com.br\/noticia\/imagens\/poliana_moca_elenco-150x84.jpg 150w\" sizes=\"auto, (max-width: 1280px) 100vw, 1280px\" \/><\/p>\n<p><strong><em>Resumo da novela \u201cPoliana Mo\u00e7a\u201d<\/em><\/strong> em 23\/03: no cap\u00edtulo 003(*) da novela, \u00c9ric atrapalha a conversa de Jo\u00e3o e Poliana e faz uma enuncia\u00e7\u00e3o sobre a festa que chateia Jo\u00e3o. O melhor amigo de Poliana se magoa com a garota e retira a declara\u00e7\u00e3o de amor. Poliana entra em um conflito interno e pensa em desistir da festa de 15 anos. Pedro e Chloe se redimem com o clubinho Magabelo.<\/p>\n<p>Ruth e Hel\u00f4 fazem uma entrevista para contratar um novo professor de m\u00fasica. Poliana pede conselho amoroso \u00e0 tia Lu\u00edsa. \u00c9ric vai at\u00e9 Jo\u00e3o para provoc\u00e1-lo, Poliana aparece e faz um an\u00fancio que mudar\u00e1 o destino da festa de debutante.<\/p>\n<p>(*) edi\u00e7\u00e3o das novelas do SBT, \u201cPoliana Mo\u00e7a\u201d, sujeito a altera\u00e7\u00e3o de data e conte\u00fado.<\/p>\n<p>Sinopse \u201cPoliana Mo\u00e7a\u201d: Poliana (Sophia Valverde), agora com 15 anos, precisa enfrentar os dilemas t\u00edpicos da adolesc\u00eancia, como os dramas escolares, os planos para o futuro e a descoberta do amor entre o ex-valent\u00e3o Eric (Lucas Burgatti) e seu melhor amigo Jo\u00e3o (Igor Jansen), encontrando em Helena (Lu\u00edsa Bresser) uma rival no cora\u00e7\u00e3o dos dois.<\/p>\n","protected":false},"excerpt":{"rendered":"<p>Resumo da novela \u201cPoliana Mo\u00e7a\u201d em 23\/03: no cap\u00edtulo 003(*) da novela, \u00c9ric atrapalha a conversa de Jo\u00e3o e Poliana e faz uma enuncia\u00e7\u00e3o sobre a festa que chateia Jo\u00e3o. O melhor amigo de Poliana se magoa com a garota e retira a declara\u00e7\u00e3o de amor. Poliana entra em um conflito interno e pensa em [&hellip;]<\/p>\n","protected":false},"author":4,"featured_media":217354,"comment_status":"closed","ping_status":"closed","sticky":false,"template":"","format":"standard","meta":{"tdm_status":"","tdm_grid_status":"","footnotes":""},"categories":[379,2259,2025,372,343],"tags":[441],"class_list":{"0":"post-217540","1":"post","2":"type-post","3":"status-publish","4":"format-standard","5":"has-post-thumbnail","7":"category-novelas","8":"category-poliana-moca","9":"category-resumo","10":"category-sbt","11":"category-televisao","12":"tag-resumo-do-dia"},"_links":{"self":[{"href":"https:\/\/migracao.redenoticia.com.br\/noticia\/wp-json\/wp\/v2\/posts\/217540","targetHints":{"allow":["GET"]}}],"collection":[{"href":"https:\/\/migracao.redenoticia.com.br\/noticia\/wp-json\/wp\/v2\/posts"}],"about":[{"href":"https:\/\/migracao.redenoticia.com.br\/noticia\/wp-json\/wp\/v2\/types\/post"}],"author":[{"embeddable":true,"href":"https:\/\/migracao.redenoticia.com.br\/noticia\/wp-json\/wp\/v2\/users\/4"}],"replies":[{"embeddable":true,"href":"https:\/\/migracao.redenoticia.com.br\/noticia\/wp-json\/wp\/v2\/comments?post=217540"}],"version-history":[{"count":0,"href":"https:\/\/migracao.redenoticia.com.br\/noticia\/wp-json\/wp\/v2\/posts\/217540\/revisions"}],"wp:featuredmedia":[{"embeddable":true,"href":"https:\/\/migracao.redenoticia.com.br\/noticia\/wp-json\/wp\/v2\/media\/217354"}],"wp:attachment":[{"href":"https:\/\/migracao.redenoticia.com.br\/noticia\/wp-json\/wp\/v2\/media?parent=217540"}],"wp:term":[{"taxonomy":"category","embeddable":true,"href":"https:\/\/migracao.redenoticia.com.br\/noticia\/wp-json\/wp\/v2\/categories?post=217540"},{"taxonomy":"post_tag","embeddable":true,"href":"https:\/\/migracao.redenoticia.com.br\/noticia\/wp-json\/wp\/v2\/tags?post=217540"}],"curies":[{"name":"wp","href":"https:\/\/api.w.org\/{rel}","templated":true}]}}