{"id":217593,"date":"2022-03-23T13:48:25","date_gmt":"2022-03-23T16:48:25","guid":{"rendered":"https:\/\/www.redenoticia.com.br\/noticia\/?p=217593"},"modified":"2022-03-23T13:48:25","modified_gmt":"2022-03-23T16:48:25","slug":"resumo-o-cravo-e-a-rosa-24-03-catarina-sente-o-perfume-no-paleto-de-petruchio","status":"publish","type":"post","link":"https:\/\/migracao.redenoticia.com.br\/noticia\/2022\/resumo-o-cravo-e-a-rosa-24-03-catarina-sente-o-perfume-no-paleto-de-petruchio\/217593","title":{"rendered":"Resumo &#8220;O Cravo e a Rosa&#8221; 24\/03: Catarina sente o perfume no palet\u00f3 de Petruchio"},"content":{"rendered":"<p><img loading=\"lazy\" decoding=\"async\" src=\"https:\/\/migracao.redenoticia.com.br\/noticia\/imagens\/o-cravo-e-a-rosa-elenco-resumo-sinopse.jpeg\" alt=\"\" width=\"1280\" height=\"720\" class=\"aligncenter size-full wp-image-213217\" srcset=\"https:\/\/migracao.redenoticia.com.br\/noticia\/imagens\/o-cravo-e-a-rosa-elenco-resumo-sinopse.jpeg 1280w, https:\/\/migracao.redenoticia.com.br\/noticia\/imagens\/o-cravo-e-a-rosa-elenco-resumo-sinopse-250x140.jpeg 250w, https:\/\/migracao.redenoticia.com.br\/noticia\/imagens\/o-cravo-e-a-rosa-elenco-resumo-sinopse-400x225.jpeg 400w, https:\/\/migracao.redenoticia.com.br\/noticia\/imagens\/o-cravo-e-a-rosa-elenco-resumo-sinopse-768x432.jpeg 768w, https:\/\/migracao.redenoticia.com.br\/noticia\/imagens\/o-cravo-e-a-rosa-elenco-resumo-sinopse-150x85.jpeg 150w\" sizes=\"auto, (max-width: 1280px) 100vw, 1280px\" \/><\/p>\n<p><em><strong>Resumo da novela &#8220;O Cravo e a Rosa&#8221;<\/strong><\/em> em 24\/03: no cap\u00edtulo 079(*) da novela, Catarina recebe a visita de Joana. Marcela e Petruchio se encontram na confeitaria. Petruchio promete novo encontro. Depois, pede o apartamento de Kiki emprestado e manda nova mensagem para Marcela. Lourdes surpreende B\u00e1rbara e F\u00e1bio dan\u00e7ando.<\/p>\n<p>Dinor\u00e1 aceita as desculpas de Celso. Bianca promete a Edmundo lutar pelo amor dos dois. Lindinha reconhece o galo de Janu\u00e1rio. Joaquim promete ao filho que ele ser\u00e1 seu herdeiro e tomar\u00e1 conta do dinheiro de Marcela.<\/p>\n<p>Serafim adverte a jovem que pede para ele queimar o livro de batismo, mas ele aceita somente n\u00e3o entregar logo as provas. Catarina sente o perfume e acha o fio de cabelo no palet\u00f3 de Petruchio. Batista se engasga ao saber que Joana esteve com Catarina. No card\u00e1pio do jantar, somente pratos com milho. Catarina, embora enciumada, permite que Petruchio volte a dormir na cama. Joaquim se preocupa porque Janu\u00e1rio s\u00f3 pensa em Lindinha e n\u00e3o conhece mulheres. Neca tripudia: Lindinha foi burra e perdeu tanto Janu\u00e1rio quanto Petruchio. Catarina grita por socorro quando o marido a abra\u00e7a.<\/p>\n<p>(*) edi\u00e7\u00e3o das novelas da Globo, &#8220;O Cravo e a Rosa&#8221;, sujeito a altera\u00e7\u00e3o de data e conte\u00fado.<\/p>\n<p>Sinopse &#8220;O Cravo e a Rosa&#8221;: Catarina Batista \u00e9 uma mulher moderna, na r\u00edgida sociedade paulista da d\u00e9cada de 1920, que recusa o papel feminino de se restringir a lavar ceroulas em um tanque. Juli\u00e3o Petruchio \u00e9 um homem rude, para quem a mulher deve ser a &#8220;rainha do lar&#8221;. Duas pessoas t\u00e3o diferentes vivem um romance contradit\u00f3rio.<\/p>\n<p>Conhecida como &#8216;a fera&#8217;, por botar todos os seus pretendentes para correr, Catarina vai esbarrar na teimosia c\u00ednica de Petruchio que, inicialmente, decide conquist\u00e1-la para, com o dote do casamento, salvar sua fazenda de ser hipotecada. Eles acabam se apaixonando, mas n\u00e3o d\u00e3o o bra\u00e7o a torcer, vivenciando cenas muito bem-humoradas de discuss\u00f5es e brigas vulc\u00e2nicas. Ele fingindo-se de &#8216;cordeirinho&#8217;, e ela cada vez mais furiosa com sua insist\u00eancia.<\/p>\n","protected":false},"excerpt":{"rendered":"<p>Resumo da novela &#8220;O Cravo e a Rosa&#8221; em 24\/03: no cap\u00edtulo 079(*) da novela, Catarina recebe a visita de Joana. Marcela e Petruchio se encontram na confeitaria. Petruchio promete novo encontro. Depois, pede o apartamento de Kiki emprestado e manda nova mensagem para Marcela. Lourdes surpreende B\u00e1rbara e F\u00e1bio dan\u00e7ando. Dinor\u00e1 aceita as desculpas [&hellip;]<\/p>\n","protected":false},"author":4,"featured_media":213218,"comment_status":"closed","ping_status":"closed","sticky":false,"template":"","format":"standard","meta":{"tdm_status":"","tdm_grid_status":"","footnotes":""},"categories":[379,2227,375,2025,343],"tags":[441],"class_list":{"0":"post-217593","1":"post","2":"type-post","3":"status-publish","4":"format-standard","5":"has-post-thumbnail","7":"category-novelas","8":"category-o-cravo-e-a-rosa","9":"category-rede-globo","10":"category-resumo","11":"category-televisao","12":"tag-resumo-do-dia"},"_links":{"self":[{"href":"https:\/\/migracao.redenoticia.com.br\/noticia\/wp-json\/wp\/v2\/posts\/217593","targetHints":{"allow":["GET"]}}],"collection":[{"href":"https:\/\/migracao.redenoticia.com.br\/noticia\/wp-json\/wp\/v2\/posts"}],"about":[{"href":"https:\/\/migracao.redenoticia.com.br\/noticia\/wp-json\/wp\/v2\/types\/post"}],"author":[{"embeddable":true,"href":"https:\/\/migracao.redenoticia.com.br\/noticia\/wp-json\/wp\/v2\/users\/4"}],"replies":[{"embeddable":true,"href":"https:\/\/migracao.redenoticia.com.br\/noticia\/wp-json\/wp\/v2\/comments?post=217593"}],"version-history":[{"count":0,"href":"https:\/\/migracao.redenoticia.com.br\/noticia\/wp-json\/wp\/v2\/posts\/217593\/revisions"}],"wp:featuredmedia":[{"embeddable":true,"href":"https:\/\/migracao.redenoticia.com.br\/noticia\/wp-json\/wp\/v2\/media\/213218"}],"wp:attachment":[{"href":"https:\/\/migracao.redenoticia.com.br\/noticia\/wp-json\/wp\/v2\/media?parent=217593"}],"wp:term":[{"taxonomy":"category","embeddable":true,"href":"https:\/\/migracao.redenoticia.com.br\/noticia\/wp-json\/wp\/v2\/categories?post=217593"},{"taxonomy":"post_tag","embeddable":true,"href":"https:\/\/migracao.redenoticia.com.br\/noticia\/wp-json\/wp\/v2\/tags?post=217593"}],"curies":[{"name":"wp","href":"https:\/\/api.w.org\/{rel}","templated":true}]}}