{"id":217992,"date":"2022-04-02T12:04:00","date_gmt":"2022-04-02T15:04:00","guid":{"rendered":"https:\/\/www.redenoticia.com.br\/noticia\/?p=217992"},"modified":"2022-04-02T12:04:00","modified_gmt":"2022-04-02T15:04:00","slug":"resumo-poliana-moca-04-04-luisa-sente-enjoo-com-cheiros-dos-lirios","status":"publish","type":"post","link":"https:\/\/migracao.redenoticia.com.br\/noticia\/2022\/resumo-poliana-moca-04-04-luisa-sente-enjoo-com-cheiros-dos-lirios\/217992","title":{"rendered":"Resumo \u201cPoliana Mo\u00e7a\u201d 04\/04: Lu\u00edsa sente enjoo com cheiros dos l\u00edrios"},"content":{"rendered":"<p> <img loading=\"lazy\" decoding=\"async\" class=\"aligncenter size-full wp-image-217353\" src=\"https:\/\/migracao.redenoticia.com.br\/noticia\/imagens\/poliana_moca_elenco.jpg\" alt=\"\" width=\"1280\" height=\"720\" srcset=\"https:\/\/migracao.redenoticia.com.br\/noticia\/imagens\/poliana_moca_elenco.jpg 1280w, https:\/\/migracao.redenoticia.com.br\/noticia\/imagens\/poliana_moca_elenco-250x140.jpg 250w, https:\/\/migracao.redenoticia.com.br\/noticia\/imagens\/poliana_moca_elenco-400x225.jpg 400w, https:\/\/migracao.redenoticia.com.br\/noticia\/imagens\/poliana_moca_elenco-768x432.jpg 768w, https:\/\/migracao.redenoticia.com.br\/noticia\/imagens\/poliana_moca_elenco-150x84.jpg 150w\" sizes=\"auto, (max-width: 1280px) 100vw, 1280px\" \/><\/p>\n<p><strong><em>Resumo da novela \u201cPoliana Mo\u00e7a\u201d<\/em><\/strong> em 04\/04: no cap\u00edtulo 011(*) da novela, policiais entregam intima\u00e7\u00e3o \u00e0 Gleyce. Violeta e Waldisney avan\u00e7am na tentativa de ligar Pin\u00f3quio. Durval admite que foi controlador com Raquel. Magabelo d\u00e1 susto em Pedro e Chloe. Lu\u00edsa sente enjoo com cheiros dos l\u00edrios.<\/p>\n<p>Branca conta para Gleyce que o Cobra amea\u00e7ou os moradores para n\u00e3o participarem do curso de costura. Waldisney e Violeta descobrem pe\u00e7a fundamental para ligar Pin\u00f3quio e lembram que a deixaram cair no laborat\u00f3rio de Otto.<\/p>\n<p>(*) edi\u00e7\u00e3o das novelas do SBT, \u201cPoliana Mo\u00e7a\u201d, sujeito a altera\u00e7\u00e3o de data e conte\u00fado.<\/p>\n<p>Sinopse \u201cPoliana Mo\u00e7a\u201d: Poliana (Sophia Valverde), agora com 15 anos, precisa enfrentar os dilemas t\u00edpicos da adolesc\u00eancia, como os dramas escolares, os planos para o futuro e a descoberta do amor entre o ex-valent\u00e3o Eric (Lucas Burgatti) e seu melhor amigo Jo\u00e3o (Igor Jansen), encontrando em Helena (Lu\u00edsa Bresser) uma rival no cora\u00e7\u00e3o dos dois.<\/p>\n","protected":false},"excerpt":{"rendered":"<p>Resumo da novela \u201cPoliana Mo\u00e7a\u201d em 04\/04: no cap\u00edtulo 011(*) da novela, policiais entregam intima\u00e7\u00e3o \u00e0 Gleyce. Violeta e Waldisney avan\u00e7am na tentativa de ligar Pin\u00f3quio. Durval admite que foi controlador com Raquel. Magabelo d\u00e1 susto em Pedro e Chloe. Lu\u00edsa sente enjoo com cheiros dos l\u00edrios. Branca conta para Gleyce que o Cobra amea\u00e7ou [&hellip;]<\/p>\n","protected":false},"author":2,"featured_media":217354,"comment_status":"closed","ping_status":"closed","sticky":false,"template":"","format":"standard","meta":{"tdm_status":"","tdm_grid_status":"","footnotes":""},"categories":[379,2259,2025,372,343],"tags":[441],"class_list":{"0":"post-217992","1":"post","2":"type-post","3":"status-publish","4":"format-standard","5":"has-post-thumbnail","7":"category-novelas","8":"category-poliana-moca","9":"category-resumo","10":"category-sbt","11":"category-televisao","12":"tag-resumo-do-dia"},"_links":{"self":[{"href":"https:\/\/migracao.redenoticia.com.br\/noticia\/wp-json\/wp\/v2\/posts\/217992","targetHints":{"allow":["GET"]}}],"collection":[{"href":"https:\/\/migracao.redenoticia.com.br\/noticia\/wp-json\/wp\/v2\/posts"}],"about":[{"href":"https:\/\/migracao.redenoticia.com.br\/noticia\/wp-json\/wp\/v2\/types\/post"}],"author":[{"embeddable":true,"href":"https:\/\/migracao.redenoticia.com.br\/noticia\/wp-json\/wp\/v2\/users\/2"}],"replies":[{"embeddable":true,"href":"https:\/\/migracao.redenoticia.com.br\/noticia\/wp-json\/wp\/v2\/comments?post=217992"}],"version-history":[{"count":0,"href":"https:\/\/migracao.redenoticia.com.br\/noticia\/wp-json\/wp\/v2\/posts\/217992\/revisions"}],"wp:featuredmedia":[{"embeddable":true,"href":"https:\/\/migracao.redenoticia.com.br\/noticia\/wp-json\/wp\/v2\/media\/217354"}],"wp:attachment":[{"href":"https:\/\/migracao.redenoticia.com.br\/noticia\/wp-json\/wp\/v2\/media?parent=217992"}],"wp:term":[{"taxonomy":"category","embeddable":true,"href":"https:\/\/migracao.redenoticia.com.br\/noticia\/wp-json\/wp\/v2\/categories?post=217992"},{"taxonomy":"post_tag","embeddable":true,"href":"https:\/\/migracao.redenoticia.com.br\/noticia\/wp-json\/wp\/v2\/tags?post=217992"}],"curies":[{"name":"wp","href":"https:\/\/api.w.org\/{rel}","templated":true}]}}