{"id":217997,"date":"2022-04-02T12:06:21","date_gmt":"2022-04-02T15:06:21","guid":{"rendered":"https:\/\/www.redenoticia.com.br\/noticia\/?p=217997"},"modified":"2022-04-02T12:06:21","modified_gmt":"2022-04-02T15:06:21","slug":"resumo-carinha-de-anjo-04-04-fatima-convida-cristovao-para-morarem-juntos","status":"publish","type":"post","link":"https:\/\/migracao.redenoticia.com.br\/noticia\/2022\/resumo-carinha-de-anjo-04-04-fatima-convida-cristovao-para-morarem-juntos\/217997","title":{"rendered":"Resumo \u201cCarinha De Anjo\u201d 04\/04: F\u00e1tima convida Crist\u00f3v\u00e3o para morarem juntos"},"content":{"rendered":"<p> <img loading=\"lazy\" decoding=\"async\" class=\"aligncenter size-full wp-image-210452\" src=\"https:\/\/migracao.redenoticia.com.br\/noticia\/imagens\/carinha-de-anjo-novela-sbt-elenco-infantil.jpeg\" alt=\"\" width=\"1280\" height=\"720\" srcset=\"https:\/\/migracao.redenoticia.com.br\/noticia\/imagens\/carinha-de-anjo-novela-sbt-elenco-infantil.jpeg 1280w, https:\/\/migracao.redenoticia.com.br\/noticia\/imagens\/carinha-de-anjo-novela-sbt-elenco-infantil-250x140.jpeg 250w, https:\/\/migracao.redenoticia.com.br\/noticia\/imagens\/carinha-de-anjo-novela-sbt-elenco-infantil-400x225.jpeg 400w, https:\/\/migracao.redenoticia.com.br\/noticia\/imagens\/carinha-de-anjo-novela-sbt-elenco-infantil-768x432.jpeg 768w, https:\/\/migracao.redenoticia.com.br\/noticia\/imagens\/carinha-de-anjo-novela-sbt-elenco-infantil-150x85.jpeg 150w\" sizes=\"auto, (max-width: 1280px) 100vw, 1280px\" \/><\/p>\n<p><strong><em>Resumo da novela \u201cCarinha De Anjo\u201d<\/em><\/strong> em 04\/04: no cap\u00edtulo 153(*) da novela, Silvestre fica abalado com a not\u00edcia e diz que n\u00e3o sabe se ele e os demais conseguem viver sem a presen\u00e7a dela. Irm\u00e3 Didi e Fabiana visitam F\u00e1tima e Vitor com a pequena Lulu. A garota diz que gosta da presen\u00e7a de F\u00e1tima e a mulher fica emocionada. Silvestre chora para Estef\u00e2nia por saber da proposta de emprego de Franciely. Estef\u00e2nia incentiva Silvestre a se declarar.<\/p>\n<p>Cassandra sofre em sil\u00eancio pela morte da m\u00e3e. Estef\u00e2nia conta para Gustavo sobre Franciely ter recebido proposta de trabalho. B\u00e1rbara diz para Frida que tem um novo plano para causarem com Dulce, L\u00facia e Lulu na escola. As meninas colam papel com frases maldosas nas costas das pequeninas, sem que elas percebam. O porteiro do pr\u00e9dio faz den\u00fancia na delegacia contra Haydee alegando o laxante na sopa.<\/p>\n<p>Estef\u00e2nia descobre que Cassandra estava fumando escondida no quarto. A Tia Perucas diz que a garota tem apenas 16 anos e n\u00e3o deveria fumar. Gustavo diz para Crist\u00f3v\u00e3o que falou com os \u00e1rabes e eles disseram que fecharam o neg\u00f3cio com a concorrente atrav\u00e9s de um homem chamado Crist\u00f3v\u00e3o. Gustavo desconfia da \u00edndole do advogado, que se sente ofendido e se demite. <\/p>\n<p>Silvestre entrega flores para Franciely, mas a empregada pensa ter sido enviado por Ribeiro. Crist\u00f3v\u00e3o fica chocado e conversa com F\u00e1tima a respeito das acusa\u00e7\u00f5es equivocadas de Gustavo. F\u00e1tima entrega as chaves de sua casa para o advogado e convida ele para morarem juntos. Emocionados, os dois se beijam.<\/p>\n<p>Cec\u00edlia e Fabiana investigam quem anda colando os cartazes nas costas das colegas e encontram o material debaixo da cama de Valentina. A garota nega que as coisas sejam dela. Haydee descobre que a sopa que Fl\u00e1vio preparou estava cheia de laxante. Fl\u00e1vio justifica que o porteiro deve estar inventando a hist\u00f3ria para tentar ganhar uma indeniza\u00e7\u00e3o.<\/p>\n<p>Gustavo conversa com Cec\u00edlia e diz que teve uma grande decep\u00e7\u00e3o a respeito de Crist\u00f3v\u00e3o. Silvana conta tudo para Leonardo e conta que o namorado abriu seus olhos e que Crist\u00f3v\u00e3o deve ter pedido a conta por ser culpado. O namorado de Cassandra chega na cidade e os dois se beijam na sala da casa. Estef\u00e2nia chega e fica surpresa. Franciely diz para Silvestre que s\u00f3 ir\u00e1 embora depois de encontrar algu\u00e9m para ficar em seu lugar.<\/p>\n<p>(*) edi\u00e7\u00e3o das novelas do SBT, \u201cCarinha De Anjo\u201d, sujeito a altera\u00e7\u00e3o de data e conte\u00fado.<\/p>\n<p>Sinopse \u201cCarinha De Anjo\u201d: Dulce Maria \u00e9 uma menina doce, ing\u00eanua, inteligente e alegre de 5 anos de idade. \u00c9 brincalhona, aventureira e extremamente curiosa. Diverte a todos com seus coment\u00e1rios e perguntas indiscretas e surpreende com suas descobertas.<\/p>\n<p>Ela \u00e9 filha \u00fanica de Gustavo L\u00e1rios (Carlo Porto), bem-sucedido empres\u00e1rio da cafeicultura brasileira, e da mexicana Teresa Rezende L\u00e1rios (Lucero), m\u00e3e acolhedora de s\u00e1bios conselhos e voz ador\u00e1vel, que faleceu num acidente quando Dulce Maria tinha apenas 3 anos de idade. Traumatizado com a trag\u00e9dia, Gustavo deixou a filha no col\u00e9gio interno.<\/p>\n","protected":false},"excerpt":{"rendered":"<p>Resumo da novela \u201cCarinha De Anjo\u201d em 04\/04: no cap\u00edtulo 153(*) da novela, Silvestre fica abalado com a not\u00edcia e diz que n\u00e3o sabe se ele e os demais conseguem viver sem a presen\u00e7a dela. Irm\u00e3 Didi e Fabiana visitam F\u00e1tima e Vitor com a pequena Lulu. A garota diz que gosta da presen\u00e7a de [&hellip;]<\/p>\n","protected":false},"author":2,"featured_media":210453,"comment_status":"closed","ping_status":"closed","sticky":false,"template":"","format":"standard","meta":{"tdm_status":"","tdm_grid_status":"","footnotes":""},"categories":[452,379,2025,372,343],"tags":[441],"class_list":{"0":"post-217997","1":"post","2":"type-post","3":"status-publish","4":"format-standard","5":"has-post-thumbnail","7":"category-carinha-de-anjo","8":"category-novelas","9":"category-resumo","10":"category-sbt","11":"category-televisao","12":"tag-resumo-do-dia"},"_links":{"self":[{"href":"https:\/\/migracao.redenoticia.com.br\/noticia\/wp-json\/wp\/v2\/posts\/217997","targetHints":{"allow":["GET"]}}],"collection":[{"href":"https:\/\/migracao.redenoticia.com.br\/noticia\/wp-json\/wp\/v2\/posts"}],"about":[{"href":"https:\/\/migracao.redenoticia.com.br\/noticia\/wp-json\/wp\/v2\/types\/post"}],"author":[{"embeddable":true,"href":"https:\/\/migracao.redenoticia.com.br\/noticia\/wp-json\/wp\/v2\/users\/2"}],"replies":[{"embeddable":true,"href":"https:\/\/migracao.redenoticia.com.br\/noticia\/wp-json\/wp\/v2\/comments?post=217997"}],"version-history":[{"count":0,"href":"https:\/\/migracao.redenoticia.com.br\/noticia\/wp-json\/wp\/v2\/posts\/217997\/revisions"}],"wp:featuredmedia":[{"embeddable":true,"href":"https:\/\/migracao.redenoticia.com.br\/noticia\/wp-json\/wp\/v2\/media\/210453"}],"wp:attachment":[{"href":"https:\/\/migracao.redenoticia.com.br\/noticia\/wp-json\/wp\/v2\/media?parent=217997"}],"wp:term":[{"taxonomy":"category","embeddable":true,"href":"https:\/\/migracao.redenoticia.com.br\/noticia\/wp-json\/wp\/v2\/categories?post=217997"},{"taxonomy":"post_tag","embeddable":true,"href":"https:\/\/migracao.redenoticia.com.br\/noticia\/wp-json\/wp\/v2\/tags?post=217997"}],"curies":[{"name":"wp","href":"https:\/\/api.w.org\/{rel}","templated":true}]}}