{"id":218253,"date":"2022-04-10T17:57:42","date_gmt":"2022-04-10T20:57:42","guid":{"rendered":"https:\/\/www.redenoticia.com.br\/noticia\/?p=218253"},"modified":"2022-04-10T17:57:42","modified_gmt":"2022-04-10T20:57:42","slug":"resumo-carinha-de-anjo-11-04-fatima-pede-demissao-da-lepf","status":"publish","type":"post","link":"https:\/\/migracao.redenoticia.com.br\/noticia\/2022\/resumo-carinha-de-anjo-11-04-fatima-pede-demissao-da-lepf\/218253","title":{"rendered":"Resumo \u201cCarinha De Anjo\u201d 11\/04: F\u00e1tima pede demiss\u00e3o da LePf"},"content":{"rendered":"<p> <img loading=\"lazy\" decoding=\"async\" class=\"aligncenter size-full wp-image-210452\" src=\"https:\/\/migracao.redenoticia.com.br\/noticia\/imagens\/carinha-de-anjo-novela-sbt-elenco-infantil.jpeg\" alt=\"\" width=\"1280\" height=\"720\" srcset=\"https:\/\/migracao.redenoticia.com.br\/noticia\/imagens\/carinha-de-anjo-novela-sbt-elenco-infantil.jpeg 1280w, https:\/\/migracao.redenoticia.com.br\/noticia\/imagens\/carinha-de-anjo-novela-sbt-elenco-infantil-250x140.jpeg 250w, https:\/\/migracao.redenoticia.com.br\/noticia\/imagens\/carinha-de-anjo-novela-sbt-elenco-infantil-400x225.jpeg 400w, https:\/\/migracao.redenoticia.com.br\/noticia\/imagens\/carinha-de-anjo-novela-sbt-elenco-infantil-768x432.jpeg 768w, https:\/\/migracao.redenoticia.com.br\/noticia\/imagens\/carinha-de-anjo-novela-sbt-elenco-infantil-150x85.jpeg 150w\" sizes=\"auto, (max-width: 1280px) 100vw, 1280px\" \/><\/p>\n<p><strong><em>Resumo da novela \u201cCarinha De Anjo\u201d<\/em><\/strong> em 11\/04: no cap\u00edtulo 157(*) da novela, Cassandra diz para Fernando (Julio Oliveira) que ir\u00e1 conseguir fazer Vitor se separar de Estef\u00e2nia. O rapaz comenta que acha que Estef\u00e2nia gosta de verdade do chef, mas Cassandra n\u00e3o muda de ideia. B\u00e1rbara e Frida discutem. B\u00e1rbara diz que a partir de agora n\u00e3o \u00e9 mais amiga de Frida, que a dedurou para Fabiana e Didi. Leonardo conta para Silvana que foi promovido na Rey Caf\u00e9.<\/p>\n<p>Miguel e Zeca apresentam sua nova m\u00fasica de trabalho para as meninas e religiosas do col\u00e9gio com objetivo de obter a avalia\u00e7\u00e3o dela sobre a composi\u00e7\u00e3o. Eles cantam a m\u00fasica que Miguel fez para L\u00facia, mas n\u00e3o revelam isso para todos. F\u00e1tima conta para Vitor que recebeu uma proposta de sociedade e por isso pede demiss\u00e3o da LePf assim que ele conseguir uma profissional para lhe substituir.<\/p>\n<p>Z\u00e9 Felipe descobre que n\u00e3o passou no teste de futebol. Fl\u00e1vio se instrui com um homem e come\u00e7a a construir um ambiente para que ela acredite que est\u00e1 esquecendo as coisas e precisando de ajuda m\u00e9dica. Cassandra leva Fernando para jantar na casa do pai com Estef\u00e2nia. Franciely conversa com Silvestre e diz que n\u00e3o acredita em Leonardo e tem certeza de que ele est\u00e1 enganado toda a fam\u00edlia para roubar o dinheiro deles.<\/p>\n<p>(*) edi\u00e7\u00e3o das novelas do SBT, \u201cCarinha De Anjo\u201d, sujeito a altera\u00e7\u00e3o de data e conte\u00fado.<\/p>\n<p>Sinopse \u201cCarinha De Anjo\u201d: Dulce Maria \u00e9 uma menina doce, ing\u00eanua, inteligente e alegre de 5 anos de idade. \u00c9 brincalhona, aventureira e extremamente curiosa. Diverte a todos com seus coment\u00e1rios e perguntas indiscretas e surpreende com suas descobertas.<\/p>\n<p>Ela \u00e9 filha \u00fanica de Gustavo L\u00e1rios (Carlo Porto), bem-sucedido empres\u00e1rio da cafeicultura brasileira, e da mexicana Teresa Rezende L\u00e1rios (Lucero), m\u00e3e acolhedora de s\u00e1bios conselhos e voz ador\u00e1vel, que faleceu num acidente quando Dulce Maria tinha apenas 3 anos de idade. Traumatizado com a trag\u00e9dia, Gustavo deixou a filha no col\u00e9gio interno.<\/p>\n","protected":false},"excerpt":{"rendered":"<p>Resumo da novela \u201cCarinha De Anjo\u201d em 11\/04: no cap\u00edtulo 157(*) da novela, Cassandra diz para Fernando (Julio Oliveira) que ir\u00e1 conseguir fazer Vitor se separar de Estef\u00e2nia. O rapaz comenta que acha que Estef\u00e2nia gosta de verdade do chef, mas Cassandra n\u00e3o muda de ideia. B\u00e1rbara e Frida discutem. B\u00e1rbara diz que a partir [&hellip;]<\/p>\n","protected":false},"author":2,"featured_media":210453,"comment_status":"closed","ping_status":"closed","sticky":false,"template":"","format":"standard","meta":{"tdm_status":"","tdm_grid_status":"","footnotes":""},"categories":[452,379,2025,372,343],"tags":[441],"class_list":{"0":"post-218253","1":"post","2":"type-post","3":"status-publish","4":"format-standard","5":"has-post-thumbnail","7":"category-carinha-de-anjo","8":"category-novelas","9":"category-resumo","10":"category-sbt","11":"category-televisao","12":"tag-resumo-do-dia"},"_links":{"self":[{"href":"https:\/\/migracao.redenoticia.com.br\/noticia\/wp-json\/wp\/v2\/posts\/218253","targetHints":{"allow":["GET"]}}],"collection":[{"href":"https:\/\/migracao.redenoticia.com.br\/noticia\/wp-json\/wp\/v2\/posts"}],"about":[{"href":"https:\/\/migracao.redenoticia.com.br\/noticia\/wp-json\/wp\/v2\/types\/post"}],"author":[{"embeddable":true,"href":"https:\/\/migracao.redenoticia.com.br\/noticia\/wp-json\/wp\/v2\/users\/2"}],"replies":[{"embeddable":true,"href":"https:\/\/migracao.redenoticia.com.br\/noticia\/wp-json\/wp\/v2\/comments?post=218253"}],"version-history":[{"count":0,"href":"https:\/\/migracao.redenoticia.com.br\/noticia\/wp-json\/wp\/v2\/posts\/218253\/revisions"}],"wp:featuredmedia":[{"embeddable":true,"href":"https:\/\/migracao.redenoticia.com.br\/noticia\/wp-json\/wp\/v2\/media\/210453"}],"wp:attachment":[{"href":"https:\/\/migracao.redenoticia.com.br\/noticia\/wp-json\/wp\/v2\/media?parent=218253"}],"wp:term":[{"taxonomy":"category","embeddable":true,"href":"https:\/\/migracao.redenoticia.com.br\/noticia\/wp-json\/wp\/v2\/categories?post=218253"},{"taxonomy":"post_tag","embeddable":true,"href":"https:\/\/migracao.redenoticia.com.br\/noticia\/wp-json\/wp\/v2\/tags?post=218253"}],"curies":[{"name":"wp","href":"https:\/\/api.w.org\/{rel}","templated":true}]}}