{"id":218273,"date":"2022-04-11T15:47:34","date_gmt":"2022-04-11T18:47:34","guid":{"rendered":"https:\/\/www.redenoticia.com.br\/noticia\/?p=218273"},"modified":"2022-04-11T15:47:34","modified_gmt":"2022-04-11T18:47:34","slug":"resumo-carinha-de-anjo-12-04-vitor-descobre-que-perdeu-fatima-para-silvana","status":"publish","type":"post","link":"https:\/\/migracao.redenoticia.com.br\/noticia\/2022\/resumo-carinha-de-anjo-12-04-vitor-descobre-que-perdeu-fatima-para-silvana\/218273","title":{"rendered":"Resumo \u201cCarinha De Anjo\u201d 12\/04: Vitor descobre que perdeu F\u00e1tima para Silvana"},"content":{"rendered":"<p><img loading=\"lazy\" decoding=\"async\" class=\"aligncenter size-full wp-image-210452\" src=\"https:\/\/migracao.redenoticia.com.br\/noticia\/imagens\/carinha-de-anjo-novela-sbt-elenco-infantil.jpeg\" alt=\"\" width=\"1280\" height=\"720\" srcset=\"https:\/\/migracao.redenoticia.com.br\/noticia\/imagens\/carinha-de-anjo-novela-sbt-elenco-infantil.jpeg 1280w, https:\/\/migracao.redenoticia.com.br\/noticia\/imagens\/carinha-de-anjo-novela-sbt-elenco-infantil-250x140.jpeg 250w, https:\/\/migracao.redenoticia.com.br\/noticia\/imagens\/carinha-de-anjo-novela-sbt-elenco-infantil-400x225.jpeg 400w, https:\/\/migracao.redenoticia.com.br\/noticia\/imagens\/carinha-de-anjo-novela-sbt-elenco-infantil-768x432.jpeg 768w, https:\/\/migracao.redenoticia.com.br\/noticia\/imagens\/carinha-de-anjo-novela-sbt-elenco-infantil-150x85.jpeg 150w\" sizes=\"auto, (max-width: 1280px) 100vw, 1280px\" \/><\/p>\n<p><strong><em>Resumo da novela \u201cCarinha De Anjo\u201d<\/em><\/strong> em 12\/04: no cap\u00edtulo 158(*) da novela, F\u00e1tima diz que Crist\u00f3v\u00e3o precisa oficializar sua sa\u00edda da Rey Caf\u00e9 para pegar os seus direitos ap\u00f3s tantos anos de trabalho, assim ter\u00e1 mais tranquilidade. Crist\u00f3v\u00e3o vai at\u00e9 a empresa e Silvana e Leonardo, na antiga sala do advogado, debocham dele. Cassandra tenta obrigar Fernando a entrar em seu plano, mas o garoto diz que ningu\u00e9m aguenta ela e vai embora.<\/p>\n<p>Cassandra fica irritada e sozinha. Vitor descobre que perdeu F\u00e1tima para Silvana. Crist\u00f3v\u00e3o conta para F\u00e1tima como foi tratado na empresa e que Gustavo n\u00e3o quis nem o receber. Madre Superiora anunciam a divis\u00e3o de grupos na escola para criarem apresenta\u00e7\u00f5es para o concurso de talento. Vitor conversa com a filha ap\u00f3s saber o que aconteceu.<\/p>\n<p>(*) edi\u00e7\u00e3o das novelas do SBT, \u201cCarinha De Anjo\u201d, sujeito a altera\u00e7\u00e3o de data e conte\u00fado.<\/p>\n<p>Sinopse \u201cCarinha De Anjo\u201d: Dulce Maria \u00e9 uma menina doce, ing\u00eanua, inteligente e alegre de 5 anos de idade. \u00c9 brincalhona, aventureira e extremamente curiosa. Diverte a todos com seus coment\u00e1rios e perguntas indiscretas e surpreende com suas descobertas.<\/p>\n<p>Ela \u00e9 filha \u00fanica de Gustavo L\u00e1rios (Carlo Porto), bem-sucedido empres\u00e1rio da cafeicultura brasileira, e da mexicana Teresa Rezende L\u00e1rios (Lucero), m\u00e3e acolhedora de s\u00e1bios conselhos e voz ador\u00e1vel, que faleceu num acidente quando Dulce Maria tinha apenas 3 anos de idade. Traumatizado com a trag\u00e9dia, Gustavo deixou a filha no col\u00e9gio interno.<\/p>\n","protected":false},"excerpt":{"rendered":"<p>Resumo da novela \u201cCarinha De Anjo\u201d em 12\/04: no cap\u00edtulo 158(*) da novela, F\u00e1tima diz que Crist\u00f3v\u00e3o precisa oficializar sua sa\u00edda da Rey Caf\u00e9 para pegar os seus direitos ap\u00f3s tantos anos de trabalho, assim ter\u00e1 mais tranquilidade. Crist\u00f3v\u00e3o vai at\u00e9 a empresa e Silvana e Leonardo, na antiga sala do advogado, debocham dele. Cassandra [&hellip;]<\/p>\n","protected":false},"author":4,"featured_media":210453,"comment_status":"closed","ping_status":"closed","sticky":false,"template":"","format":"standard","meta":{"tdm_status":"","tdm_grid_status":"","footnotes":""},"categories":[452,379,2025,372,343],"tags":[441],"class_list":{"0":"post-218273","1":"post","2":"type-post","3":"status-publish","4":"format-standard","5":"has-post-thumbnail","7":"category-carinha-de-anjo","8":"category-novelas","9":"category-resumo","10":"category-sbt","11":"category-televisao","12":"tag-resumo-do-dia"},"_links":{"self":[{"href":"https:\/\/migracao.redenoticia.com.br\/noticia\/wp-json\/wp\/v2\/posts\/218273","targetHints":{"allow":["GET"]}}],"collection":[{"href":"https:\/\/migracao.redenoticia.com.br\/noticia\/wp-json\/wp\/v2\/posts"}],"about":[{"href":"https:\/\/migracao.redenoticia.com.br\/noticia\/wp-json\/wp\/v2\/types\/post"}],"author":[{"embeddable":true,"href":"https:\/\/migracao.redenoticia.com.br\/noticia\/wp-json\/wp\/v2\/users\/4"}],"replies":[{"embeddable":true,"href":"https:\/\/migracao.redenoticia.com.br\/noticia\/wp-json\/wp\/v2\/comments?post=218273"}],"version-history":[{"count":0,"href":"https:\/\/migracao.redenoticia.com.br\/noticia\/wp-json\/wp\/v2\/posts\/218273\/revisions"}],"wp:featuredmedia":[{"embeddable":true,"href":"https:\/\/migracao.redenoticia.com.br\/noticia\/wp-json\/wp\/v2\/media\/210453"}],"wp:attachment":[{"href":"https:\/\/migracao.redenoticia.com.br\/noticia\/wp-json\/wp\/v2\/media?parent=218273"}],"wp:term":[{"taxonomy":"category","embeddable":true,"href":"https:\/\/migracao.redenoticia.com.br\/noticia\/wp-json\/wp\/v2\/categories?post=218273"},{"taxonomy":"post_tag","embeddable":true,"href":"https:\/\/migracao.redenoticia.com.br\/noticia\/wp-json\/wp\/v2\/tags?post=218273"}],"curies":[{"name":"wp","href":"https:\/\/api.w.org\/{rel}","templated":true}]}}