{"id":218318,"date":"2022-04-12T16:24:40","date_gmt":"2022-04-12T19:24:40","guid":{"rendered":"https:\/\/www.redenoticia.com.br\/noticia\/?p=218318"},"modified":"2022-04-12T16:24:40","modified_gmt":"2022-04-12T19:24:40","slug":"resumo-o-cravo-e-a-rosa-13-04-dinora-empresta-dinheiro-a-celso","status":"publish","type":"post","link":"https:\/\/migracao.redenoticia.com.br\/noticia\/2022\/resumo-o-cravo-e-a-rosa-13-04-dinora-empresta-dinheiro-a-celso\/218318","title":{"rendered":"Resumo &#8220;O Cravo e a Rosa&#8221; 13\/04: Dinor\u00e1 empresta dinheiro a Celso"},"content":{"rendered":"<p><img loading=\"lazy\" decoding=\"async\" src=\"https:\/\/migracao.redenoticia.com.br\/noticia\/imagens\/o-cravo-e-a-rosa-elenco-resumo-sinopse.jpeg\" alt=\"\" width=\"1280\" height=\"720\" class=\"aligncenter size-full wp-image-213217\" srcset=\"https:\/\/migracao.redenoticia.com.br\/noticia\/imagens\/o-cravo-e-a-rosa-elenco-resumo-sinopse.jpeg 1280w, https:\/\/migracao.redenoticia.com.br\/noticia\/imagens\/o-cravo-e-a-rosa-elenco-resumo-sinopse-250x140.jpeg 250w, https:\/\/migracao.redenoticia.com.br\/noticia\/imagens\/o-cravo-e-a-rosa-elenco-resumo-sinopse-400x225.jpeg 400w, https:\/\/migracao.redenoticia.com.br\/noticia\/imagens\/o-cravo-e-a-rosa-elenco-resumo-sinopse-768x432.jpeg 768w, https:\/\/migracao.redenoticia.com.br\/noticia\/imagens\/o-cravo-e-a-rosa-elenco-resumo-sinopse-150x85.jpeg 150w\" sizes=\"auto, (max-width: 1280px) 100vw, 1280px\" \/><\/p>\n<p><em><strong>Resumo da novela &#8220;O Cravo e a Rosa&#8221;<\/strong><\/em> em 13\/04: no cap\u00edtulo 093(*) da novela, Marcela pressiona Batista<\/p>\n<p>Petruchio fica preocupado ao saber por Ezequiel que Marcela pretende casar com o seu sogro, s\u00f3 para se vingar. Batista faz jogo duro e n\u00e3o permite que Edmundo se aproxime da filha. Teodoro precisa encontrar uma crian\u00e7a pobre para a fotografia e oferece uma boneca para F\u00e1tima. Batista e Marcela preparam-se para o grande momento da campanha, mas quando ele v\u00ea a menina sai a correr.<\/p>\n<p>F\u00e1tima arregala os olhos e grita: papai. Marcela registra e pede o endere\u00e7o de Joana. Dinor\u00e1 empresta dinheiro a Celso, que est\u00e1 desatento. Josefa aconselha-a a terminar tudo. Lourdes e B\u00e1rbara decidem pintar o apartamento para afastar Catarina. Bianca prop\u00f5e a Edmundo que eles se casem escondidos. Marcela pressiona Batista.<\/p>\n<p>Batista nega ser o pai de F\u00e1tima, mas Marcela n\u00e3o acredita. Edmundo n\u00e3o quer se casar, enquanto n\u00e3o tiver condi\u00e7\u00f5es financeiras. Lourdes assedia F\u00e1bio e torce para Catarina se ir embora logo. F\u00e1tima insiste ter visto o pai. Celso e Dinor\u00e1 encontram-se na igreja. Bianca e Catarina trocam confid\u00eancias. Lindinha ainda sonha em conquistar Petruchio. Catarina foge do marido e ele agarra Buscap\u00e9.<\/p>\n<p>Batista n\u00e3o castiga Bianca por ter sa\u00eddo escondida e Mimosa por t\u00ea-la acobertada a pedido de Marcela. Heitor garante a Dalva que n\u00e3o contou nada \u00e0 Celso. Catarina n\u00e3o se importa com a pintura da casa. Marcela descobre as viagens de Batista.<\/p>\n<p>(*) edi\u00e7\u00e3o das novelas da Globo, &#8220;O Cravo e a Rosa&#8221;, sujeito a altera\u00e7\u00e3o de data e conte\u00fado.<\/p>\n<p>Sinopse &#8220;O Cravo e a Rosa&#8221;: Catarina Batista \u00e9 uma mulher moderna, na r\u00edgida sociedade paulista da d\u00e9cada de 1920, que recusa o papel feminino de se restringir a lavar ceroulas em um tanque. Juli\u00e3o Petruchio \u00e9 um homem rude, para quem a mulher deve ser a &#8220;rainha do lar&#8221;. Duas pessoas t\u00e3o diferentes vivem um romance contradit\u00f3rio.<\/p>\n<p>Conhecida como &#8216;a fera&#8217;, por botar todos os seus pretendentes para correr, Catarina vai esbarrar na teimosia c\u00ednica de Petruchio que, inicialmente, decide conquist\u00e1-la para, com o dote do casamento, salvar sua fazenda de ser hipotecada. Eles acabam se apaixonando, mas n\u00e3o d\u00e3o o bra\u00e7o a torcer, vivenciando cenas muito bem-humoradas de discuss\u00f5es e brigas vulc\u00e2nicas. Ele fingindo-se de &#8216;cordeirinho&#8217;, e ela cada vez mais furiosa com sua insist\u00eancia.<\/p>\n","protected":false},"excerpt":{"rendered":"<p>Resumo da novela &#8220;O Cravo e a Rosa&#8221; em 13\/04: no cap\u00edtulo 093(*) da novela, Marcela pressiona Batista Petruchio fica preocupado ao saber por Ezequiel que Marcela pretende casar com o seu sogro, s\u00f3 para se vingar. Batista faz jogo duro e n\u00e3o permite que Edmundo se aproxime da filha. Teodoro precisa encontrar uma crian\u00e7a [&hellip;]<\/p>\n","protected":false},"author":4,"featured_media":213218,"comment_status":"closed","ping_status":"closed","sticky":false,"template":"","format":"standard","meta":{"tdm_status":"","tdm_grid_status":"","footnotes":""},"categories":[379,2227,375,2025,343],"tags":[441],"class_list":{"0":"post-218318","1":"post","2":"type-post","3":"status-publish","4":"format-standard","5":"has-post-thumbnail","7":"category-novelas","8":"category-o-cravo-e-a-rosa","9":"category-rede-globo","10":"category-resumo","11":"category-televisao","12":"tag-resumo-do-dia"},"_links":{"self":[{"href":"https:\/\/migracao.redenoticia.com.br\/noticia\/wp-json\/wp\/v2\/posts\/218318","targetHints":{"allow":["GET"]}}],"collection":[{"href":"https:\/\/migracao.redenoticia.com.br\/noticia\/wp-json\/wp\/v2\/posts"}],"about":[{"href":"https:\/\/migracao.redenoticia.com.br\/noticia\/wp-json\/wp\/v2\/types\/post"}],"author":[{"embeddable":true,"href":"https:\/\/migracao.redenoticia.com.br\/noticia\/wp-json\/wp\/v2\/users\/4"}],"replies":[{"embeddable":true,"href":"https:\/\/migracao.redenoticia.com.br\/noticia\/wp-json\/wp\/v2\/comments?post=218318"}],"version-history":[{"count":0,"href":"https:\/\/migracao.redenoticia.com.br\/noticia\/wp-json\/wp\/v2\/posts\/218318\/revisions"}],"wp:featuredmedia":[{"embeddable":true,"href":"https:\/\/migracao.redenoticia.com.br\/noticia\/wp-json\/wp\/v2\/media\/213218"}],"wp:attachment":[{"href":"https:\/\/migracao.redenoticia.com.br\/noticia\/wp-json\/wp\/v2\/media?parent=218318"}],"wp:term":[{"taxonomy":"category","embeddable":true,"href":"https:\/\/migracao.redenoticia.com.br\/noticia\/wp-json\/wp\/v2\/categories?post=218318"},{"taxonomy":"post_tag","embeddable":true,"href":"https:\/\/migracao.redenoticia.com.br\/noticia\/wp-json\/wp\/v2\/tags?post=218318"}],"curies":[{"name":"wp","href":"https:\/\/api.w.org\/{rel}","templated":true}]}}