{"id":218538,"date":"2022-04-18T14:48:53","date_gmt":"2022-04-18T17:48:53","guid":{"rendered":"https:\/\/www.redenoticia.com.br\/noticia\/?p=218538"},"modified":"2022-04-18T14:48:53","modified_gmt":"2022-04-18T17:48:53","slug":"resumo-carinha-de-anjo-19-04-leonardo-tenta-fazer-dulce-maria-criar-resistencia-a-cecilia","status":"publish","type":"post","link":"https:\/\/migracao.redenoticia.com.br\/noticia\/2022\/resumo-carinha-de-anjo-19-04-leonardo-tenta-fazer-dulce-maria-criar-resistencia-a-cecilia\/218538","title":{"rendered":"Resumo \u201cCarinha De Anjo\u201d 19\/04: Leonardo tenta fazer Dulce Maria criar resist\u00eancia a Cec\u00edlia"},"content":{"rendered":"<p><img loading=\"lazy\" decoding=\"async\" class=\"aligncenter size-full wp-image-210452\" src=\"https:\/\/migracao.redenoticia.com.br\/noticia\/imagens\/carinha-de-anjo-novela-sbt-elenco-infantil.jpeg\" alt=\"\" width=\"1280\" height=\"720\" srcset=\"https:\/\/migracao.redenoticia.com.br\/noticia\/imagens\/carinha-de-anjo-novela-sbt-elenco-infantil.jpeg 1280w, https:\/\/migracao.redenoticia.com.br\/noticia\/imagens\/carinha-de-anjo-novela-sbt-elenco-infantil-250x140.jpeg 250w, https:\/\/migracao.redenoticia.com.br\/noticia\/imagens\/carinha-de-anjo-novela-sbt-elenco-infantil-400x225.jpeg 400w, https:\/\/migracao.redenoticia.com.br\/noticia\/imagens\/carinha-de-anjo-novela-sbt-elenco-infantil-768x432.jpeg 768w, https:\/\/migracao.redenoticia.com.br\/noticia\/imagens\/carinha-de-anjo-novela-sbt-elenco-infantil-150x85.jpeg 150w\" sizes=\"auto, (max-width: 1280px) 100vw, 1280px\" \/><\/p>\n<p><strong><em>Resumo da novela \u201cCarinha De Anjo\u201d<\/em><\/strong> em 19\/04: no cap\u00edtulo 162(*) da novela, Peixoto leva Em\u00edlio e Z\u00e9 Felipe para pescar. Gustavo sugere para Crist\u00f3v\u00e3o que os dois conversem amigavelmente. O advogado est\u00e1 indignado e diz que as acusa\u00e7\u00f5es de Gustavo foram descabidas. O dono da Rey Caf\u00e9 explica que chegou a pensar que Crist\u00f3v\u00e3o estava com consci\u00eancia pesada e por isso pediu demiss\u00e3o.<\/p>\n<p>Cec\u00edlia escuta a conversa. Gustavo diz ainda que comentou sobre o anel com Cec\u00edlia e pediu para ela n\u00e3o contar para ningu\u00e9m. Crist\u00f3v\u00e3o diz que n\u00e3o quer mais rela\u00e7\u00f5es com a fam\u00edlia L\u00e1rios e a partir de agora apenas de quem lhe ama de verdade, como F\u00e1tima, que o conhece a menos tempo e confia nele. Mais tarde, Cec\u00edlia chora e diz para Gustavo que foi burra.<\/p>\n<p>F\u00e1tima leva Lulu no parque e se encontram com Crist\u00f3v\u00e3o. Frida recebe em casa as colegas do col\u00e9gio para ensaiarem para o show de talento. Lulu encontra com Dulce Maria no parque. Franciely diz para Estef\u00e2nia que ela anda ficando enjoada, pois deve estar gr\u00e1vida. Leonardo tenta fazer com que Dulce Maria crie resist\u00eancia com Cec\u00edlia e seja contra ter um irm\u00e3o ou irm\u00e3.<\/p>\n<p>(*) edi\u00e7\u00e3o das novelas do SBT, \u201cCarinha De Anjo\u201d, sujeito a altera\u00e7\u00e3o de data e conte\u00fado.<\/p>\n<p>Sinopse \u201cCarinha De Anjo\u201d: Dulce Maria \u00e9 uma menina doce, ing\u00eanua, inteligente e alegre de 5 anos de idade. \u00c9 brincalhona, aventureira e extremamente curiosa. Diverte a todos com seus coment\u00e1rios e perguntas indiscretas e surpreende com suas descobertas.<\/p>\n<p>Ela \u00e9 filha \u00fanica de Gustavo L\u00e1rios (Carlo Porto), bem-sucedido empres\u00e1rio da cafeicultura brasileira, e da mexicana Teresa Rezende L\u00e1rios (Lucero), m\u00e3e acolhedora de s\u00e1bios conselhos e voz ador\u00e1vel, que faleceu num acidente quando Dulce Maria tinha apenas 3 anos de idade. Traumatizado com a trag\u00e9dia, Gustavo deixou a filha no col\u00e9gio interno.<\/p>\n","protected":false},"excerpt":{"rendered":"<p>Resumo da novela \u201cCarinha De Anjo\u201d em 19\/04: no cap\u00edtulo 162(*) da novela, Peixoto leva Em\u00edlio e Z\u00e9 Felipe para pescar. Gustavo sugere para Crist\u00f3v\u00e3o que os dois conversem amigavelmente. O advogado est\u00e1 indignado e diz que as acusa\u00e7\u00f5es de Gustavo foram descabidas. O dono da Rey Caf\u00e9 explica que chegou a pensar que Crist\u00f3v\u00e3o [&hellip;]<\/p>\n","protected":false},"author":4,"featured_media":210453,"comment_status":"closed","ping_status":"closed","sticky":false,"template":"","format":"standard","meta":{"tdm_status":"","tdm_grid_status":"","footnotes":""},"categories":[452,379,2025,372,343],"tags":[441],"class_list":{"0":"post-218538","1":"post","2":"type-post","3":"status-publish","4":"format-standard","5":"has-post-thumbnail","7":"category-carinha-de-anjo","8":"category-novelas","9":"category-resumo","10":"category-sbt","11":"category-televisao","12":"tag-resumo-do-dia"},"_links":{"self":[{"href":"https:\/\/migracao.redenoticia.com.br\/noticia\/wp-json\/wp\/v2\/posts\/218538","targetHints":{"allow":["GET"]}}],"collection":[{"href":"https:\/\/migracao.redenoticia.com.br\/noticia\/wp-json\/wp\/v2\/posts"}],"about":[{"href":"https:\/\/migracao.redenoticia.com.br\/noticia\/wp-json\/wp\/v2\/types\/post"}],"author":[{"embeddable":true,"href":"https:\/\/migracao.redenoticia.com.br\/noticia\/wp-json\/wp\/v2\/users\/4"}],"replies":[{"embeddable":true,"href":"https:\/\/migracao.redenoticia.com.br\/noticia\/wp-json\/wp\/v2\/comments?post=218538"}],"version-history":[{"count":0,"href":"https:\/\/migracao.redenoticia.com.br\/noticia\/wp-json\/wp\/v2\/posts\/218538\/revisions"}],"wp:featuredmedia":[{"embeddable":true,"href":"https:\/\/migracao.redenoticia.com.br\/noticia\/wp-json\/wp\/v2\/media\/210453"}],"wp:attachment":[{"href":"https:\/\/migracao.redenoticia.com.br\/noticia\/wp-json\/wp\/v2\/media?parent=218538"}],"wp:term":[{"taxonomy":"category","embeddable":true,"href":"https:\/\/migracao.redenoticia.com.br\/noticia\/wp-json\/wp\/v2\/categories?post=218538"},{"taxonomy":"post_tag","embeddable":true,"href":"https:\/\/migracao.redenoticia.com.br\/noticia\/wp-json\/wp\/v2\/tags?post=218538"}],"curies":[{"name":"wp","href":"https:\/\/api.w.org\/{rel}","templated":true}]}}