{"id":2187,"date":"2009-05-31T21:14:59","date_gmt":"2009-06-01T01:14:59","guid":{"rendered":"http:\/\/www.redenoticia.com.br\/noticia\/?p=2187"},"modified":"2009-05-31T21:14:59","modified_gmt":"2009-06-01T01:14:59","slug":"senado-debate-repressao-ao-crime-organizado","status":"publish","type":"post","link":"https:\/\/migracao.redenoticia.com.br\/noticia\/2009\/senado-debate-repressao-ao-crime-organizado\/2187","title":{"rendered":"Senado debate repress\u00e3o ao crime organizado"},"content":{"rendered":"<p>A Comiss\u00e3o de Constitui\u00e7\u00e3o, Justi\u00e7a e Cidadania (CCJ) promover\u00e1 audi\u00eancia p\u00fablica nesta quarta-feira (3), \u00e0s 10h, para debater projeto (<a class=\"we_frase\" href=\"http:\/\/www.senado.gov.br\/sf\/atividade\/materia\/detalhes.asp?p_cod_mate=77859\" target=\"_blank\">PLS 150\/06<\/a>) que institui normas para reprimir o crime organizado. A proposta j\u00e1 esteve em vota\u00e7\u00e3o no Plen\u00e1rio, mas retornou \u00e0 CCJ por causa de emendas dos senadores. Confirmou presen\u00e7a ao debate o presidente do Supremo Tribunal Federal, ministro Gilmar Mendes.<\/p>\n<p>De autoria da senadora Serys Slhessarenko (PT-MT), o projeto considera organiza\u00e7\u00e3o criminosa a associa\u00e7\u00e3o de tr\u00eas ou mais pessoas estruturalmente ordenada, caracterizada pela divis\u00e3o de tarefas, ainda que informalmente, com a finalidade de obter vantagem criminosa de qualquer natureza. O simples fato de integrar uma organiza\u00e7\u00e3o dessas poder\u00e1 levar uma pessoa a ser condenada de cinco a dez anos de cadeia, independente das penas correspondentes aos demais crimes.<\/p>\n<p>A proposta busca alcan\u00e7ar inclusive pessoas que promovem fraudes em licita\u00e7\u00f5es ou o financiamento de campanhas pol\u00edticas destinadas \u00e0 elei\u00e7\u00e3o de candidatos com o objetivo de facilitar a\u00e7\u00f5es de grupos criminosos. Al\u00e9m de definir o que \u00e9 crime organizado, o projeto determina instrumentos legais para combat\u00ea-lo, incluindo normas de investiga\u00e7\u00e3o, meios de obten\u00e7\u00e3o de prova e procedimento criminal a ser aplicado. O projeto \u00e9 relatado pelo senador Aloizio Mercadante (PT-SP).<\/p>\n<p>Foram convidados para a audi\u00eancia pelo presidente da CCJ, senador Dem\u00f3stenes Torres (DEM-GO),, al\u00e9m de Gilmar Mendes, o procurador-geral da Rep\u00fablica, Antonio Fernando Barros de Souza; o presidente do Conselho Nacional de Procuradores-Gerais, Leonardo Azeredo Bandarra;o presidente da Associa\u00e7\u00e3o Nacional dos Membros do Minist\u00e9rio P\u00fablico, Jos\u00e9 Carlos Cosenzo; o presidente da Associa\u00e7\u00e3o Nacional dos Delegados de Pol\u00edcia Federal, Sandro Torres Avelar; o advogado criminalista Wladimir S\u00e9rgio Reale; o presidente da Associa\u00e7\u00e3o dos Delegados de Pol\u00edcia do Brasil, Carlos Eduardo Benito; e o presidente do Conselho Nacional de Chefes de Pol\u00edcia Civil, Abizair Ant\u00f4nio Paniago. O debate ser\u00e1 feito na Sala de Reuni\u00f5es n\u00ba 3, Anexo II do Senado.<\/p>\n<p>Agencia Senado<\/p>\n","protected":false},"excerpt":{"rendered":"<p>A Comiss\u00e3o de Constitui\u00e7\u00e3o, Justi\u00e7a e Cidadania (CCJ) promover\u00e1 audi\u00eancia p\u00fablica nesta quarta-feira (3), \u00e0s 10h, para debater projeto (PLS 150\/06) que institui normas para reprimir o crime organizado. A proposta j\u00e1 esteve em vota\u00e7\u00e3o no Plen\u00e1rio, mas retornou \u00e0 CCJ por causa de emendas dos senadores. Confirmou presen\u00e7a ao debate o presidente do Supremo [&hellip;]<\/p>\n","protected":false},"author":2,"featured_media":0,"comment_status":"open","ping_status":"open","sticky":false,"template":"","format":"standard","meta":{"tdm_status":"","tdm_grid_status":"","footnotes":""},"categories":[22],"tags":[],"class_list":{"0":"post-2187","1":"post","2":"type-post","3":"status-publish","4":"format-standard","6":"category-brasil"},"_links":{"self":[{"href":"https:\/\/migracao.redenoticia.com.br\/noticia\/wp-json\/wp\/v2\/posts\/2187","targetHints":{"allow":["GET"]}}],"collection":[{"href":"https:\/\/migracao.redenoticia.com.br\/noticia\/wp-json\/wp\/v2\/posts"}],"about":[{"href":"https:\/\/migracao.redenoticia.com.br\/noticia\/wp-json\/wp\/v2\/types\/post"}],"author":[{"embeddable":true,"href":"https:\/\/migracao.redenoticia.com.br\/noticia\/wp-json\/wp\/v2\/users\/2"}],"replies":[{"embeddable":true,"href":"https:\/\/migracao.redenoticia.com.br\/noticia\/wp-json\/wp\/v2\/comments?post=2187"}],"version-history":[{"count":0,"href":"https:\/\/migracao.redenoticia.com.br\/noticia\/wp-json\/wp\/v2\/posts\/2187\/revisions"}],"wp:attachment":[{"href":"https:\/\/migracao.redenoticia.com.br\/noticia\/wp-json\/wp\/v2\/media?parent=2187"}],"wp:term":[{"taxonomy":"category","embeddable":true,"href":"https:\/\/migracao.redenoticia.com.br\/noticia\/wp-json\/wp\/v2\/categories?post=2187"},{"taxonomy":"post_tag","embeddable":true,"href":"https:\/\/migracao.redenoticia.com.br\/noticia\/wp-json\/wp\/v2\/tags?post=2187"}],"curies":[{"name":"wp","href":"https:\/\/api.w.org\/{rel}","templated":true}]}}