{"id":2189,"date":"2009-05-31T21:21:46","date_gmt":"2009-06-01T01:21:46","guid":{"rendered":"http:\/\/www.redenoticia.com.br\/noticia\/?p=2189"},"modified":"2009-05-31T21:21:46","modified_gmt":"2009-06-01T01:21:46","slug":"mp-da-amazonia-sera-votada-na-proxima-terca","status":"publish","type":"post","link":"https:\/\/migracao.redenoticia.com.br\/noticia\/2009\/mp-da-amazonia-sera-votada-na-proxima-terca\/2189","title":{"rendered":"MP da Amazonia ser\u00e1 votada na pr\u00f3xima ter\u00e7a"},"content":{"rendered":"<p>A pr\u00f3xima reuni\u00e3o deliberativa do Plen\u00e1rio, prevista para a ter\u00e7a-feira (2), prev\u00ea a vota\u00e7\u00e3o de tr\u00eas medidas provis\u00f3rias. A primeira delas (MP 458\/09), que por sofrer modifica\u00e7\u00f5es na C\u00e2mara tramita como PLV 09\/09, vem recebendo forte oposi\u00e7\u00e3o de ambientalistas por permitir que a Uni\u00e3o transfira, sem licita\u00e7\u00e3o, terras de sua propriedade na Amaz\u00f4nia Legal, at\u00e9 1.500 hectares, a quem detinha sua posse antes de 1\u00ba de dezembro de 2004.<\/p>\n<p>A MP da Amaz\u00f4nia, como ficou conhecida, prev\u00ea que a regulariza\u00e7\u00e3o das terras ser\u00e1 feita sem licita\u00e7\u00e3o para \u00e1reas de at\u00e9 um m\u00f3dulo fiscal &#8211; na regi\u00e3o, um m\u00f3dulo equivale em m\u00e9dia a 76 hectares. Para esses casos, a transfer\u00eancia das \u00e1reas ser\u00e1 feita gratuitamente, inclusive o registro em cart\u00f3rio. Para \u00e1reas maiores, mas limitadas a 1.500 hectares, a regulariza\u00e7\u00e3o tamb\u00e9m ser\u00e1 feita sem licita\u00e7\u00e3o, mas com pagamento em at\u00e9 20 anos, com a primeira parcela vencendo ap\u00f3s o terceiro ano.<\/p>\n<p>Podem reivindicar a legaliza\u00e7\u00e3o posseiros e servidores p\u00fablicos n\u00e3o ligados ao tema fundi\u00e1rio. Empresas tamb\u00e9m podem pedir a regulariza\u00e7\u00e3o, mas sob certas condi\u00e7\u00f5es. Pessoas que tenham sido beneficiadas por programa de reforma agr\u00e1ria ou regulariza\u00e7\u00e3o fundi\u00e1ria anterior n\u00e3o poder\u00e3o pedir legaliza\u00e7\u00e3o. Quem receber lote de at\u00e9 4 m\u00f3dulos ficar\u00e1 proibido de vend\u00ea-lo por dez anos. \u00c1reas maiores poder\u00e3o ser vendidas depois de 3 anos de titula\u00e7\u00e3o. O texto aprovado pela C\u00e2mara retirou refer\u00eancias \u00e0 preserva\u00e7\u00e3o ambiental nas terras regularizadas.<\/p>\n<p>Calcula-se que 400 mil posses ser\u00e3o legalizadas com a nova legisla\u00e7\u00e3o, beneficiando cerca de 1,2 milh\u00e3o de pessoas. No Senado, a MP 458\/09 ser\u00e1 relatada pela senadora K\u00e1tia Abreu (DEM-TO), que preside a Confedera\u00e7\u00e3o Nacional da Agricultura e Pecu\u00e1ria do Brasil (CNA).<\/p>\n","protected":false},"excerpt":{"rendered":"<p>A pr\u00f3xima reuni\u00e3o deliberativa do Plen\u00e1rio, prevista para a ter\u00e7a-feira (2), prev\u00ea a vota\u00e7\u00e3o de tr\u00eas medidas provis\u00f3rias. A primeira delas (MP 458\/09), que por sofrer modifica\u00e7\u00f5es na C\u00e2mara tramita como PLV 09\/09, vem recebendo forte oposi\u00e7\u00e3o de ambientalistas por permitir que a Uni\u00e3o transfira, sem licita\u00e7\u00e3o, terras de sua propriedade na Amaz\u00f4nia Legal, at\u00e9 [&hellip;]<\/p>\n","protected":false},"author":2,"featured_media":0,"comment_status":"open","ping_status":"open","sticky":false,"template":"","format":"standard","meta":{"tdm_status":"","tdm_grid_status":"","footnotes":""},"categories":[22],"tags":[],"class_list":{"0":"post-2189","1":"post","2":"type-post","3":"status-publish","4":"format-standard","6":"category-brasil"},"_links":{"self":[{"href":"https:\/\/migracao.redenoticia.com.br\/noticia\/wp-json\/wp\/v2\/posts\/2189","targetHints":{"allow":["GET"]}}],"collection":[{"href":"https:\/\/migracao.redenoticia.com.br\/noticia\/wp-json\/wp\/v2\/posts"}],"about":[{"href":"https:\/\/migracao.redenoticia.com.br\/noticia\/wp-json\/wp\/v2\/types\/post"}],"author":[{"embeddable":true,"href":"https:\/\/migracao.redenoticia.com.br\/noticia\/wp-json\/wp\/v2\/users\/2"}],"replies":[{"embeddable":true,"href":"https:\/\/migracao.redenoticia.com.br\/noticia\/wp-json\/wp\/v2\/comments?post=2189"}],"version-history":[{"count":0,"href":"https:\/\/migracao.redenoticia.com.br\/noticia\/wp-json\/wp\/v2\/posts\/2189\/revisions"}],"wp:attachment":[{"href":"https:\/\/migracao.redenoticia.com.br\/noticia\/wp-json\/wp\/v2\/media?parent=2189"}],"wp:term":[{"taxonomy":"category","embeddable":true,"href":"https:\/\/migracao.redenoticia.com.br\/noticia\/wp-json\/wp\/v2\/categories?post=2189"},{"taxonomy":"post_tag","embeddable":true,"href":"https:\/\/migracao.redenoticia.com.br\/noticia\/wp-json\/wp\/v2\/tags?post=2189"}],"curies":[{"name":"wp","href":"https:\/\/api.w.org\/{rel}","templated":true}]}}