{"id":2190,"date":"2009-06-01T09:11:55","date_gmt":"2009-06-01T13:11:55","guid":{"rendered":"http:\/\/www.redenoticia.com.br\/noticia\/?p=2190"},"modified":"2009-06-01T09:11:55","modified_gmt":"2009-06-01T13:11:55","slug":"aviao-que-decolou-do-rio-com-destino-a-paris-esta-desaparecido","status":"publish","type":"post","link":"https:\/\/migracao.redenoticia.com.br\/noticia\/2009\/aviao-que-decolou-do-rio-com-destino-a-paris-esta-desaparecido\/2190","title":{"rendered":"Avi\u00e3o que decolou do Rio com destino a Paris est\u00e1 desaparecido"},"content":{"rendered":"<p class=\"MsoNormal\"><strong><\/strong><span style=\"font-size: 11pt; font-family: Arial;\">Um avi\u00e3o Airbus 330-200 da companhia a\u00e9rea Air France que seguia do Rio de Janeiro para Paris desapareceu dos radares franceses quando sobrevoava o Oceano Atl\u00e2ntico. As informa\u00e7\u00f5es s\u00e3o da BBC Brasil e foram repassadas por autoridades aeroportu\u00e1rias de Paris.<\/span><\/p>\n<p class=\"MsoNormal\" style=\"margin-left: 0.75pt; line-height: 12.75pt;\"><span style=\"font-size: 11pt; font-family: Arial;\">A aeronave, que tem a bordo 216 passageiros e 12 tripulantes, partiu do Rio de Janeiro \u00e0s 19h de ontem (31) e deveria ter chegado a Paris \u00e0s 6h15 de hoje (11h15 no hor\u00e1rio local). Controladores de voo do Aeroporto Charles De Gaulle perderam contato com o avi\u00e3o por volta das 3h, hor\u00e1rio de Bras\u00edlia.<\/span><\/p>\n<p><span style=\"font-size: 11pt; font-family: Arial;\">Da Ag\u00eancia Brasil<\/span><span style=\"font-size: 8.5pt; font-family: &quot;bitstream Vera Sans&quot;; color: #6c7962;\"> <\/span><\/p>\n","protected":false},"excerpt":{"rendered":"<p>Um avi\u00e3o Airbus 330-200 da companhia a\u00e9rea Air France que seguia do Rio de Janeiro para Paris desapareceu dos radares franceses quando sobrevoava o Oceano Atl\u00e2ntico. As informa\u00e7\u00f5es s\u00e3o da BBC Brasil e foram repassadas por autoridades aeroportu\u00e1rias de Paris. A aeronave, que tem a bordo 216 passageiros e 12 tripulantes, partiu do Rio de [&hellip;]<\/p>\n","protected":false},"author":3,"featured_media":0,"comment_status":"open","ping_status":"open","sticky":false,"template":"","format":"standard","meta":{"tdm_status":"","tdm_grid_status":"","footnotes":""},"categories":[22],"tags":[],"class_list":{"0":"post-2190","1":"post","2":"type-post","3":"status-publish","4":"format-standard","6":"category-brasil"},"_links":{"self":[{"href":"https:\/\/migracao.redenoticia.com.br\/noticia\/wp-json\/wp\/v2\/posts\/2190","targetHints":{"allow":["GET"]}}],"collection":[{"href":"https:\/\/migracao.redenoticia.com.br\/noticia\/wp-json\/wp\/v2\/posts"}],"about":[{"href":"https:\/\/migracao.redenoticia.com.br\/noticia\/wp-json\/wp\/v2\/types\/post"}],"author":[{"embeddable":true,"href":"https:\/\/migracao.redenoticia.com.br\/noticia\/wp-json\/wp\/v2\/users\/3"}],"replies":[{"embeddable":true,"href":"https:\/\/migracao.redenoticia.com.br\/noticia\/wp-json\/wp\/v2\/comments?post=2190"}],"version-history":[{"count":0,"href":"https:\/\/migracao.redenoticia.com.br\/noticia\/wp-json\/wp\/v2\/posts\/2190\/revisions"}],"wp:attachment":[{"href":"https:\/\/migracao.redenoticia.com.br\/noticia\/wp-json\/wp\/v2\/media?parent=2190"}],"wp:term":[{"taxonomy":"category","embeddable":true,"href":"https:\/\/migracao.redenoticia.com.br\/noticia\/wp-json\/wp\/v2\/categories?post=2190"},{"taxonomy":"post_tag","embeddable":true,"href":"https:\/\/migracao.redenoticia.com.br\/noticia\/wp-json\/wp\/v2\/tags?post=2190"}],"curies":[{"name":"wp","href":"https:\/\/api.w.org\/{rel}","templated":true}]}}