{"id":2192,"date":"2009-06-01T10:03:36","date_gmt":"2009-06-01T14:03:36","guid":{"rendered":"http:\/\/www.redenoticia.com.br\/noticia\/?p=2192"},"modified":"2009-06-01T10:03:36","modified_gmt":"2009-06-01T14:03:36","slug":"forum-debate-organizacao-do-trabalho-medico-em-cooperativas","status":"publish","type":"post","link":"https:\/\/migracao.redenoticia.com.br\/noticia\/2009\/forum-debate-organizacao-do-trabalho-medico-em-cooperativas\/2192","title":{"rendered":"F\u00f3rum debate organiza\u00e7\u00e3o do trabalho m\u00e9dico em cooperativas"},"content":{"rendered":"<h3><strong><span style=\"font-family: 'Trebuchet MS'; color: black; font-size: x-small;\"><span>\u00a0<\/span><\/span><\/strong><span style=\"font-family: 'Trebuchet MS'; color: black; font-size: x-small;\"><span><span style=\"font-weight: normal;\">O Conselho Federal de Medicina, a Federa\u00e7\u00e3o Nacional dos M\u00e9dicos e a Associa\u00e7\u00e3o M\u00e9dica Brasileira realizam nos dias 4 e 5 de junho, no CFM, o II F\u00f3rum Nacional de Cooperativismo M\u00e9dico. O evento ir\u00e1 contar com mesas-redondas e confer\u00eancias sobre cooperativismo m\u00e9dico no SUS, cooperativismo de trabalho m\u00e9dico e sistema Unimed.<br \/>\n\u00a0\u00a0\u00a0\u00a0\u00a0<br \/>\n\u00a0\u00a0\u00a0\u00a0\u00a0O F\u00f3rum ser\u00e1 coordenado pelo conselheiro do CFM, Hiran Gallo. Segundo ele, o objetivo do encontro \u00e9 fomentar e fortalecer o movimento cooperativista, entre os m\u00e9dicos. \u201cO cooperativismo \u00e9, sem d\u00favida, de extrema relev\u00e2ncia e import\u00e2ncia para a comunidade m\u00e9dica, porque, numa cooperativa, os lucros s\u00e3o divididos entre os cooperados, ao contr\u00e1rio dos planos de sa\u00fade, em que meia d\u00fazia de empres\u00e1rios se beneficiam\u201d, avalia Gallo.\u00a0<br \/>\n\u00a0\u00a0\u00a0\u00a0\u00a0\u00a0\u00a0\u00a0\u00a0\u00a0<br \/>\n<\/span><\/span><\/span><span style=\"font-family: 'Trebuchet MS'; color: black; font-size: x-small;\"><span><span style=\"font-weight: normal;\">\u00a0\u00a0\u00a0\u00a0\u00a0Inscri\u00e7\u00f5es<\/span><\/span><\/span><span style=\"font-family: 'Trebuchet MS'; color: black; font-size: x-small;\"><span><br \/>\n\u00a0\u00a0\u00a0\u00a0\u00a0<br \/>\n\u00a0\u00a0\u00a0\u00a0\u00a0<span style=\"font-weight: normal;\">As inscri\u00e7\u00f5es para o II F\u00f3rum Nacional de Cooperativismo M\u00e9dico s\u00e3o gratuitas. Os interessados devem encaminhar &#8211; para o e-mail\u00a0<\/span><a href=\"mailto:cfm@cfm.org.br\" target=\"_blank\"><span style=\"font-weight: normal;\">cfm@cfm.org.br<\/span><\/a><span style=\"font-weight: normal;\">\u00a0\u2013 nome, entidade representativa e telefone para contato. A previs\u00e3o \u00e9 que o II F\u00f3rum receba 150 participantes de todo o pa\u00eds entre m\u00e9dicos e representantes de Unimeds.<br \/>\n<\/span><\/span><\/span><span style=\"font-family: 'Trebuchet MS'; color: black; font-size: x-small;\"><span><span style=\"font-weight: normal;\">\u00a0\u00a0\u00a0\u00a0\u00a0<br \/>\n\u00a0\u00a0\u00a0\u00a0\u00a0 \u00a0\u00a0\u00a0\u00a0\u00a0<br \/>\n\u00a0\u00a0\u00a0\u00a0<\/span><\/span><\/span><span style=\"font-family: 'Trebuchet MS'; color: black; font-size: x-small;\"><span><span style=\"font-weight: normal;\">II F\u00d3RUM NACIONAL DE COOPERATIVISMO M\u00c9DICO<br \/>\n\u00a0\u00a0\u00a0\u00a0\u00a0<br \/>\n\u00a0\u00a0\u00a0\u00a0\u00a0PROGRAMA\u00c7\u00c3O PRELIMINAR<\/span><\/span><\/span><span style=\"font-family: 'Trebuchet MS'; color: black; font-size: x-small;\"><span><span style=\"font-weight: normal;\"><br \/>\n\u00a0\u00a0\u00a0\u00a0\u00a0<br \/>\n\u00a0\u00a0\u00a0\u00a0\u00a0Data: 04 a 05 de junho de 2009\u00a0<br \/>\n\u00a0\u00a0\u00a0\u00a0\u00a0Local: Audit\u00f3rio do Conselho Federal de Medicina \u2013 Bras\u00edlia-DF<br \/>\n\u00a0\u00a0\u00a0\u00a0\u00a0<br \/>\nDia 04\/06 \u2013 Quinta-feira<\/span><\/span><\/span><\/h3>\n<p><span style=\"font-family: 'Trebuchet MS'; font-size: x-small;\"><span>\u00a0<\/span><\/span><\/p>\n<p><strong><span style=\"text-decoration: underline;\"><span style=\"font-family: 'Trebuchet MS'; font-size: x-small;\"><span>MANH\u00c3<\/span><\/span><\/span><\/strong><\/p>\n<p><strong><span style=\"font-family: 'Trebuchet MS'; font-size: x-small;\"><span>08h30<\/span><\/span><\/strong><span style=\"font-family: 'Trebuchet MS'; font-size: x-small;\"><span>\u00a0\u2013 Credenciamento<\/span><\/span><\/p>\n<p><span style=\"font-family: 'Trebuchet MS'; font-size: x-small;\"><span>\u00a0<\/span><\/span><\/p>\n<p><strong><span style=\"font-family: 'Trebuchet MS'; font-size: x-small;\"><span>9h<\/span><\/span><\/strong><span style=\"font-family: 'Trebuchet MS'; font-size: x-small;\"><span>\u00a0\u2013 Abertura<\/span><\/span><\/p>\n<p><span style=\"font-family: Symbol; font-size: x-small;\"><span><span>\u00b7<span style=\"font-family: 'Times New Roman'; font-size: xx-small;\"><span>\u00a0\u00a0\u00a0\u00a0\u00a0\u00a0\u00a0\u00a0\u00a0<\/span><\/span><\/span><\/span><\/span><em><span style=\"font-family: 'Trebuchet MS'; font-size: x-small;\"><span>Dr. Jos\u00e9 Gomes Tempor\u00e3o &#8211; Ministro da Sa\u00fade<\/span><\/span><\/em><\/p>\n<p><span style=\"font-family: Symbol; font-size: x-small;\"><span><span>\u00b7<span style=\"font-family: 'Times New Roman'; font-size: xx-small;\"><span>\u00a0\u00a0\u00a0\u00a0\u00a0\u00a0\u00a0\u00a0\u00a0<\/span><\/span><\/span><\/span><\/span><em><span style=\"font-family: 'Trebuchet MS'; font-size: x-small;\"><span>Dr. Edson Andrade \u2013Presidente do CFM<\/span><\/span><\/em><\/p>\n<p><span style=\"font-family: Symbol; font-size: x-small;\"><span><span>\u00b7<span style=\"font-family: 'Times New Roman'; font-size: xx-small;\"><span>\u00a0\u00a0\u00a0\u00a0\u00a0\u00a0\u00a0\u00a0\u00a0<\/span><\/span><\/span><\/span><\/span><em><span style=\"font-family: 'Trebuchet MS'; font-size: x-small;\"><span>Dr. Paulo Argollo \u2013 Presidente da Fenam<\/span><\/span><\/em><\/p>\n<p><span style=\"font-family: Symbol; font-size: x-small;\"><span><span>\u00b7<span style=\"font-family: 'Times New Roman'; font-size: xx-small;\"><span>\u00a0\u00a0\u00a0\u00a0\u00a0\u00a0\u00a0\u00a0\u00a0<\/span><\/span><\/span><\/span><\/span><em><span style=\"font-family: 'Trebuchet MS'; font-size: x-small;\"><span>Dr. Roberto Queiroz Gurgel \u2013 Diretor da\u00a0 AMB<\/span><\/span><\/em><\/p>\n<p><span style=\"font-family: Symbol; font-size: x-small;\"><span><span>\u00b7<span style=\"font-family: 'Times New Roman'; font-size: xx-small;\"><span>\u00a0\u00a0\u00a0\u00a0\u00a0\u00a0\u00a0\u00a0\u00a0<\/span><\/span><\/span><\/span><\/span><em><span style=\"font-family: 'Trebuchet MS'; font-size: x-small;\"><span>Dr. Hiran Gallo \u2013 Tesoureiro do CFM<\/span><\/span><\/em><\/p>\n<p><em><span style=\"font-family: 'Trebuchet MS'; font-size: x-small;\"><span>\u00a0\u00a0\u00a0\u00a0\u00a0 Coordenador da Comiss\u00e3o de Cooperativismo M\u00e9dico<\/span><\/span><\/em><\/p>\n<p><span style=\"font-family: Symbol; font-size: x-small;\"><span><span>\u00b7<span style=\"font-family: 'Times New Roman'; font-size: xx-small;\"><span>\u00a0\u00a0\u00a0\u00a0\u00a0\u00a0\u00a0\u00a0<\/span><\/span><\/span><\/span><\/span><em><span style=\"font-family: 'Trebuchet MS'; font-size: x-small;\"><span>Dr. Eudes de Freitas Aquino \u2013 Unimed do Brasil<\/span><\/span><\/em><\/p>\n<p><span style=\"font-family: 'Trebuchet MS'; font-size: x-small;\"><span>\u00a0\u00a0\u00a0\u00a0\u00a0\u00a0\u00a0\u00a0<\/span><\/span><\/p>\n<p><span style=\"font-family: 'Trebuchet MS'; font-size: x-small;\"><span>PAINEL:\u00a0<strong><span>COOPERATIVISMO M\u00c9DICO NO SUS<\/span><\/strong><\/span><\/span><\/p>\n<p><strong><span style=\"font-family: 'Trebuchet MS'; font-size: x-small;\"><span>\u00a0\u00a0\u00a0\u00a0\u00a0\u00a0\u00a0\u00a0\u00a0<\/span><\/span><\/strong><span style=\"font-family: 'Trebuchet MS'; font-size: x-small;\"><span>\u00a0\u00a0\u00a0 Presidente:\u00a0<em><span>Dr. Saleh Mohamed Razak \u2013 Unimed Rond\u00f4nia\u00a0<\/span><\/em>\u00a0<\/span><\/span><\/p>\n<p><span style=\"font-family: 'Trebuchet MS'; font-size: x-small;\"><span>\u00a0\u00a0\u00a0\u00a0\u00a0\u00a0\u00a0\u00a0 \u00a0\u00a0\u00a0 Secret\u00e1rio:\u00a0<em><span>Dr.M\u00e1rcio Bichara \u2013 CFM<\/span><\/em><\/span><\/span><\/p>\n<p><strong><span style=\"font-family: 'Trebuchet MS'; font-size: x-small;\"><span>\u00a0<\/span><\/span><\/strong><\/p>\n<p><strong><span style=\"font-family: 'Trebuchet MS'; font-size: x-small;\"><span>9h30 &#8211;<\/span><\/span><\/strong><span style=\"font-family: 'Trebuchet MS'; font-size: x-small;\"><span>\u00a0Confer\u00eancia:<strong><em><span>\u00a0Aspectos Legais<\/span><\/em><\/strong><\/span><\/span><\/p>\n<p><em><span style=\"font-family: 'Trebuchet MS'; font-size: x-small;\"><span>\u00a0<\/span><\/span><\/em><em><span style=\"font-family: 'Trebuchet MS'; font-size: x-small;\"><span lang=\"ES-TRAD\">Dr. Francisco Camargo \u00a0\u2013 CFM<\/span><\/span><\/em><\/p>\n<p><span style=\"font-family: 'Trebuchet MS'; font-size: x-small;\"><span lang=\"ES-TRAD\">\u00a0\u00a0 \u00a0\u00a0\u00a0\u00a0\u00a0 \u00a0<em><\/em><\/span><\/span><\/p>\n<p><strong><span style=\"font-family: 'Trebuchet MS'; font-size: x-small;\"><span>10h &#8211;<\/span><\/span><\/strong><span style=\"font-family: 'Trebuchet MS'; font-size: x-small;\"><span>\u00a0Mesa Redonda:<em><span>\u00a0<strong><span>Alternativas<\/span><\/strong><\/span><\/em><\/span><\/span><\/p>\n<p><em><span style=\"font-family: 'Trebuchet MS'; font-size: x-small;\"><span>Dr. Agnaldo Costa \u2013 Secret\u00e1rio Estadual de Sa\u00fade do Amazonas<\/span><\/span><\/em><\/p>\n<p><em><span style=\"font-family: 'Trebuchet MS'; font-size: x-small;\"><span>Dr. Francisco Campos \u2013 Minist\u00e9rio da Sa\u00fade\u00a0\u00a0<\/span><\/span><\/em><\/p>\n<p><span><em><span style=\"font-family: 'Trebuchet MS'; color: black; font-size: x-small;\"><span>Dr. Ant\u00f4nio Carlos Figueiredo Nardi \u2013\u00a0<\/span><\/span><\/em><\/span><em><span style=\"font-family: 'Trebuchet MS'; font-size: x-small;\"><span>Conasems<\/span><\/span><\/em><\/p>\n<p><em><span style=\"font-family: 'Trebuchet MS'; font-size: x-small;\"><span>Dr. Paulo Argollo Mendes<\/span><\/span><\/em><span style=\"font-family: 'Trebuchet MS'; font-size: x-small;\"><span>\u00a0<\/span><\/span><span style=\"font-family: 'Trebuchet MS'; font-size: x-small;\"><span>\u2013 Fenam<\/span><\/span><\/p>\n<p><em><span style=\"font-family: 'Trebuchet MS'; font-size: x-small;\"><span>\u00a0\u00a0\u00a0\u00a0\u00a0\u00a0\u00a0\u00a0 Representante do Conass<\/span><\/span><\/em><\/p>\n<p><span style=\"font-family: 'Trebuchet MS'; font-size: x-small;\"><span>\u00a0<\/span><\/span><\/p>\n<p><strong><span style=\"font-family: 'Trebuchet MS'; font-size: x-small;\"><span>11h30\u00a0<\/span><\/span><\/strong><span style=\"font-family: 'Trebuchet MS'; font-size: x-small;\"><span>\u2013<em><span>\u00a0<\/span><\/em>Debate<\/span><\/span><\/p>\n<p><strong><span style=\"font-family: 'Trebuchet MS'; font-size: x-small;\"><span>\u00a0<\/span><\/span><\/strong><\/p>\n<p><strong><span style=\"font-family: 'Trebuchet MS'; font-size: x-small;\"><span>12h30\u00a0<\/span><\/span><\/strong><span style=\"font-family: 'Trebuchet MS'; font-size: x-small;\"><span>\u2013 Intervalo<strong><\/strong><\/span><\/span><\/p>\n<p><span style=\"font-family: 'Trebuchet MS'; font-size: x-small;\"><span>\u00a0<\/span><\/span><\/p>\n<p><strong><span style=\"text-decoration: underline;\"><span style=\"font-family: 'Trebuchet MS'; font-size: x-small;\"><span>TARDE<\/span><\/span><\/span><\/strong><\/p>\n<p><span style=\"font-family: 'Trebuchet MS'; font-size: x-small;\"><span>\u00a0<\/span><\/span><\/p>\n<p><span style=\"font-family: 'Trebuchet MS'; font-size: x-small;\"><span>PAINEL:\u00a0<strong><span>COOPERATIVISMO CBHPM e SUS<\/span><\/strong><\/span><\/span><\/p>\n<p><span style=\"font-family: 'Trebuchet MS'; font-size: x-small;\"><span>Presidente:\u00a0<em><span>Dr. M\u00e1rio Fernando Lins<\/span><\/em>\u00a0<em><span>\u2013 Fenam<\/span><\/em><\/span><\/span><\/p>\n<p><span style=\"font-family: 'Trebuchet MS'; font-size: x-small;\"><span>Secret\u00e1rio:\u00a0<em><span>Dr. Luc Louis Maurice Weckx<\/span><\/em>\u00a0<em><span>\u2013 AMB<\/span><\/em><\/span><\/span><\/p>\n<p><span style=\"font-family: 'Trebuchet MS'; font-size: x-small;\"><span>\u00a0<\/span><\/span><\/p>\n<p><strong><span style=\"font-family: 'Trebuchet MS'; font-size: x-small;\"><span>14h \u2013<\/span><\/span><\/strong><span style=\"font-family: 'Trebuchet MS'; font-size: x-small;\"><span>\u00a0Mesa Redonda:<strong><em><span>\u00a0Cooperativismo M\u00e9dico, CBHPM e SUS<\/span><\/em><\/strong><em><\/em><\/span><\/span><\/p>\n<p><em><span style=\"font-family: 'Trebuchet MS'; font-size: x-small;\"><span>\u00a0\u00a0\u00a0\u00a0\u00a0\u00a0\u00a0\u00a0\u00a0\u00a0 Dr. Roberto Gurgel<\/span><\/span><\/em><span style=\"font-family: 'Trebuchet MS'; font-size: x-small;\"><span>\u00a0\u2013 AMB<\/span><\/span><\/p>\n<p><span style=\"font-family: 'Trebuchet MS'; font-size: x-small;\"><span>\u00a0\u00a0\u00a0\u00a0\u00a0\u00a0\u00a0\u00a0\u00a0\u00a0\u00a0<em><span>Dr. M\u00e1rio Jorge Lobo\u00a0<\/span><\/em>\u2013 Sindicato dos M\u00e9dicos de Pernambuco<\/span><\/span><\/p>\n<p><span style=\"font-family: 'Trebuchet MS'; font-size: x-small;\"><span>\u00a0\u00a0\u00a0\u00a0\u00a0\u00a0\u00a0\u00a0\u00a0\u00a0\u00a0<em><span>Dra. Maria C\u00e9lia Ferreira da Costa<\/span><\/em>\u00a0\u2013 Febracan<\/span><\/span><\/p>\n<p><span style=\"font-family: 'Trebuchet MS'; font-size: x-small;\"><span>\u00a0\u00a0\u00a0\u00a0\u00a0\u00a0\u00a0\u00a0\u00a0\u00a0\u00a0<em><span>Dr. Wellington Galv\u00e3o<\/span><\/em>\u00a0\u2013 Sindicato dos M\u00e9dicos de Alagoas<\/span><\/span><\/p>\n<p><span style=\"font-family: 'Trebuchet MS'; font-size: x-small;\"><span>\u00a0\u00a0\u00a0\u00a0\u00a0\u00a0\u00a0\u00a0\u00a0\u00a0\u00a0<em><span>Dr. Geraldo Guedes<\/span><\/em>\u00a0\u2013 CFM<\/span><\/span><\/p>\n<p><span style=\"font-family: 'Trebuchet MS'; font-size: x-small;\"><span>\u00a0<\/span><\/span><\/p>\n<p><strong><span style=\"font-family: 'Trebuchet MS'; font-size: x-small;\"><span>16h<\/span><\/span><\/strong><span style=\"font-family: 'Trebuchet MS'; font-size: x-small;\"><span>\u00a0\u2013 Confer\u00eancia:\u00a0<strong><span>PLC 131, de 2008 &#8211; Cooperativa de Trabalho<\/span><\/strong><\/span><\/span><\/p>\n<p><em><span style=\"font-family: 'Trebuchet MS'; font-size: x-small;\"><span>\u00a0\u00a0\u00a0\u00a0\u00a0\u00a0\u00a0\u00a0\u00a0 Senadora Serys Slhessarenko<\/span><\/span><\/em><\/p>\n<p><span style=\"font-family: 'Trebuchet MS'; font-size: x-small;\"><span>\u00a0<\/span><\/span><\/p>\n<p><strong><span style=\"font-family: 'Trebuchet MS'; font-size: x-small;\"><span>17h \u2013\u00a0<\/span><\/span><\/strong><span style=\"font-family: 'Trebuchet MS'; font-size: x-small;\"><span>Debate<strong><\/strong><\/span><\/span><\/p>\n<p><strong><span style=\"font-family: 'Trebuchet MS'; font-size: x-small;\"><span>\u00a0<\/span><\/span><\/strong><\/p>\n<p><strong><span style=\"font-family: 'Trebuchet MS'; font-size: x-small;\"><span>20h \u2013\u00a0<\/span><\/span><\/strong><span style=\"font-family: 'Trebuchet MS'; font-size: x-small;\"><span>Jantar\u00a0<strong><\/strong><\/span><\/span><\/p>\n<h3><strong><span style=\"font-family: 'Trebuchet MS'; color: black; font-size: x-small;\"><span>\u00a0<\/span><\/span><\/strong><\/h3>\n<h3><strong><span style=\"font-family: 'Trebuchet MS'; color: black; font-size: x-small;\"><span>Dia 05\/06 \u2013 Sexta-feira<\/span><\/span><\/strong><\/h3>\n<p><span style=\"font-family: 'Trebuchet MS'; font-size: x-small;\"><span>\u00a0<\/span><\/span><\/p>\n<p><strong><span style=\"text-decoration: underline;\"><span style=\"font-family: 'Trebuchet MS'; font-size: x-small;\"><span>MANH\u00c3<\/span><\/span><\/span><\/strong><\/p>\n<p><span style=\"font-family: 'Trebuchet MS'; font-size: x-small;\"><span>\u00a0<\/span><\/span><\/p>\n<p><span style=\"font-family: 'Trebuchet MS'; font-size: x-small;\"><span>PAINEL:\u00a0<strong><span>SISTEMA UNIMED<\/span><\/strong><\/span><\/span><\/p>\n<p><span style=\"font-family: 'Trebuchet MS'; font-size: x-small;\"><span>Presidente:\u00a0<em><span>Dr. Mauro C\u00e2ndido Junqueira \u2013 Diretor da Federa\u00e7\u00e3o das Unimeds de S\u00e3o<\/span><\/em><\/span><\/span><\/p>\n<p><em><span style=\"font-family: 'Trebuchet MS'; font-size: x-small;\"><span>\u00a0\u00a0\u00a0\u00a0\u00a0\u00a0\u00a0\u00a0 \u00a0\u00a0\u00a0\u00a0\u00a0\u00a0\u00a0 Paulo<\/span><\/span><\/em><span style=\"font-family: 'Trebuchet MS'; font-size: x-small;\"><\/span><\/p>\n<p><span style=\"font-family: 'Trebuchet MS'; font-size: x-small;\"><span>Secret\u00e1rio:\u00a0\u00a0<em><span>Dr. Cristiano da Matta Machado \u2013 Fenam<\/span><\/em><\/span><\/span><\/p>\n<p><span style=\"font-family: 'Trebuchet MS'; font-size: x-small;\"><span>\u00a0<\/span><\/span><\/p>\n<p><strong><span style=\"font-family: 'Trebuchet MS'; font-size: x-small;\"><span>9h<\/span><\/span><\/strong><span style=\"font-family: 'Trebuchet MS'; font-size: x-small;\"><span>\u00a0\u2013 Confer\u00eancia:<strong><em><span>\u00a0Promo\u00e7\u00e3o e Preven\u00e7\u00e3o da Sa\u00fade no Sistema Suplementar<\/span><\/em><\/strong><\/span><\/span><\/p>\n<p><em><span style=\"font-family: 'Trebuchet MS'; font-size: x-small;\"><span>\u00a0\u00a0\u00a0\u00a0\u00a0\u00a0 Dr. F\u00e1bio Leite Gastal \u2013 Unimed BH<\/span><\/span><\/em><\/p>\n<p><strong><em><span style=\"font-family: 'Trebuchet MS'; font-size: x-small;\"><span>\u00a0<\/span><\/span><\/em><\/strong><\/p>\n<p><strong><span style=\"font-family: 'Trebuchet MS'; font-size: x-small;\"><span>9h30 &#8211;<\/span><\/span><\/strong><span style=\"font-family: 'Trebuchet MS'; font-size: x-small;\"><span>\u00a0Mesa Redonda:<strong><span>\u00a0Desafios e Perspectivas<\/span><\/strong><\/span><\/span><\/p>\n<p><span style=\"font-family: 'Trebuchet MS'; font-size: x-small;\"><span>\u00a0<\/span><\/span><\/p>\n<p><strong><span style=\"font-family: 'Trebuchet MS'; font-size: x-small;\"><span>Porte e Viabilidade das Unimeds<\/span><\/span><\/strong><\/p>\n<p><em><span style=\"font-family: 'Trebuchet MS'; font-size: x-small;\"><span>Dr. Ant\u00f4nio Jajah Nogueira- Federa\u00e7\u00e3o das Unimeds do MS<\/span><\/span><\/em><\/p>\n<p><strong><span style=\"font-family: 'Trebuchet MS'; font-size: x-small;\"><span>Acesso de novos cooperados<\/span><\/span><\/strong><\/p>\n<p><em><span style=\"font-family: 'Trebuchet MS'; font-size: x-small;\"><span>Dr. Sizenando Campos \u2013 Unimed Goi\u00e2nia<\/span><\/span><\/em><\/p>\n<p><strong><span style=\"font-family: 'Trebuchet MS'; font-size: x-small;\"><span>O \u201cConundrum\u201d de especialidades m\u00e9dicas no Sistema Unimed<\/span><\/span><\/strong><span style=\"font-family: 'Trebuchet MS'; font-size: x-small;\"><\/span><\/p>\n<p><em><span style=\"font-family: 'Trebuchet MS'; font-size: x-small;\"><span>Dr. Carlos Alexandre Xavier \u2013 Unimed Natal<\/span><\/span><\/em><\/p>\n<p><strong><span style=\"font-family: 'Trebuchet MS'; font-size: x-small;\"><span>Alternativas de Remunera\u00e7\u00e3o e Incorpora\u00e7\u00e3o de novas Tecnologias<\/span><\/span><\/strong><\/p>\n<p><em><span style=\"font-family: 'Trebuchet MS'; font-size: x-small;\"><span>Dr. Paulo Bor\u00e9m \u2013 Unimed BH<\/span><\/span><\/em><\/p>\n<p><strong><span style=\"font-family: 'Trebuchet MS'; font-size: x-small;\"><span>\u00a0<\/span><\/span><\/strong><\/p>\n<p><strong><span style=\"font-family: 'Trebuchet MS'; font-size: x-small;\"><span>11h\u00a0<em><span>\u2013<\/span><\/em><\/span><\/span><\/strong><span style=\"font-family: 'Trebuchet MS'; font-size: x-small;\"><span>\u00a0Debate<strong><em><\/em><\/strong><\/span><\/span><\/p>\n<p><em><span style=\"font-family: 'Trebuchet MS'; font-size: x-small;\"><span>\u00a0<\/span><\/span><\/em><\/p>\n<p><strong><span style=\"font-family: 'Trebuchet MS'; font-size: x-small;\"><span>12h<\/span><\/span><\/strong><em><span style=\"font-family: 'Trebuchet MS'; font-size: x-small;\"><span>\u00a0<\/span><\/span><\/em><span style=\"font-family: 'Trebuchet MS'; font-size: x-small;\"><span>\u2013 Intervalo<\/span><\/span><\/p>\n<p><span style=\"font-family: 'Trebuchet MS'; font-size: x-small;\"><span>\u00a0<\/span><\/span><\/p>\n<p><strong><span style=\"text-decoration: underline;\"><span style=\"font-family: 'Trebuchet MS'; font-size: x-small;\"><span>TARDE<\/span><\/span><\/span><\/strong><\/p>\n<p><span style=\"font-family: 'Trebuchet MS'; font-size: x-small;\"><span>\u00a0<\/span><\/span><\/p>\n<p><span style=\"font-family: 'Trebuchet MS'; font-size: x-small;\"><span>PAINEL:\u00a0<strong><span>COOPERATIVAS DE TRABALHO M\u00c9DICO<\/span><\/strong><\/span><\/span><\/p>\n<p><span style=\"font-family: 'Trebuchet MS'; font-size: x-small;\"><span>Presidente:\u00a0<em><span>Dr. Edevard Ara\u00fajo \u2013 CFM<\/span><\/em><\/span><\/span><\/p>\n<p><span style=\"font-family: 'Trebuchet MS'; font-size: x-small;\"><span>Secret\u00e1rio:\u00a0<em><span>Dr. Jurandir Turazzi \u2013 AMB<\/span><\/em><\/span><\/span><\/p>\n<p><em><span style=\"font-family: 'Trebuchet MS'; font-size: x-small;\"><span>\u00a0<\/span><\/span><\/em><\/p>\n<p><strong><span style=\"font-family: 'Trebuchet MS'; font-size: x-small;\"><span>14h \u2013\u00a0<\/span><\/span><\/strong><span style=\"font-family: 'Trebuchet MS'; font-size: x-small;\"><span>Mesa Redonda:\u00a0<strong><span>Cooperativas de Trabalho M\u00e9dico: Experi\u00eancias no Brasil<\/span><\/strong><\/span><\/span><\/p>\n<p><em><span style=\"font-family: 'Trebuchet MS'; font-size: x-small;\"><span>Dr. Carlos Japhet da Matta Albuquerque\u00a0 \u2013 Fecem<\/span><\/span><\/em><\/p>\n<p><em><span style=\"font-family: 'Trebuchet MS'; font-size: x-small;\"><span>\u00a0\u00a0\u00a0 \u00a0\u00a0\u00a0\u00a0 \u00a0\u00a0\u00a0\u00a0Dr. Jo\u00e3o Carlos Machado Lisboa \u2013\u00a0<span><span style=\"color: black;\"><span>Coopanest &#8211; Alagoas<\/span><\/span><\/span><\/span><\/span><\/em><\/p>\n<p><em><span style=\"font-family: 'Trebuchet MS'; font-size: x-small;\"><span>\u00a0\u00a0\u00a0 Dr. Jos\u00e9 Augusto Ferreira \u2013 Fencom<\/span><\/span><\/em><\/p>\n<p><strong><span style=\"font-family: 'Trebuchet MS'; font-size: x-small;\"><span>\u00a0<\/span><\/span><\/strong><\/p>\n<p><strong><span style=\"font-family: 'Trebuchet MS'; font-size: x-small;\"><span>15h30 \u2013<\/span><\/span><\/strong><em><span style=\"font-family: 'Trebuchet MS'; font-size: x-small;\"><span>\u00a0<\/span><\/span><\/em><span style=\"font-family: 'Trebuchet MS'; font-size: x-small;\"><span>Confer\u00eancia:\u00a0<strong><span>Cooperativas de Trabalho e Terceriza\u00e7\u00e3o<\/span><\/strong><\/span><\/span><\/p>\n<p><em><span style=\"font-family: 'Trebuchet MS'; font-size: x-small;\"><span>\u00a0\u00a0\u00a0\u00a0\u00a0\u00a0\u00a0\u00a0\u00a0\u00a0\u00a0\u00a0 Procuradoria Geral do Trabalho<\/span><\/span><\/em><\/p>\n<p><span style=\"font-family: 'Trebuchet MS'; font-size: x-small;\"><span>\u00a0<\/span><\/span><\/p>\n<p><strong><span style=\"font-family: 'Trebuchet MS'; font-size: x-small;\"><span>16h \u2013\u00a0<\/span><\/span><\/strong><span style=\"font-family: 'Trebuchet MS'; font-size: x-small;\"><span>Debate<\/span><\/span><\/p>\n<p><strong><span style=\"font-family: 'Trebuchet MS'; font-size: x-small;\"><span>\u00a0<\/span><\/span><\/strong><\/p>\n<p><strong><span style=\"font-family: 'Trebuchet MS'; font-size: x-small;\"><span>17h \u2013<\/span><\/span><\/strong><span style=\"font-family: 'Trebuchet MS'; font-size: x-small;\"><span>\u00a0Encerramento<strong><\/strong><\/span><\/span><\/p>\n<p><span style=\"font-family: 'Trebuchet MS'; font-size: x-small;\"><span>\u00a0<\/span><\/span><\/p>\n","protected":false},"excerpt":{"rendered":"<p>\u00a0O Conselho Federal de Medicina, a Federa\u00e7\u00e3o Nacional dos M\u00e9dicos e a Associa\u00e7\u00e3o M\u00e9dica Brasileira realizam nos dias 4 e 5 de junho, no CFM, o II F\u00f3rum Nacional de Cooperativismo M\u00e9dico. O evento ir\u00e1 contar com mesas-redondas e confer\u00eancias sobre cooperativismo m\u00e9dico no SUS, cooperativismo de trabalho m\u00e9dico e sistema Unimed. \u00a0\u00a0\u00a0\u00a0\u00a0 \u00a0\u00a0\u00a0\u00a0\u00a0O F\u00f3rum [&hellip;]<\/p>\n","protected":false},"author":2,"featured_media":0,"comment_status":"open","ping_status":"open","sticky":false,"template":"","format":"standard","meta":{"tdm_status":"","tdm_grid_status":"","footnotes":""},"categories":[22,7,5],"tags":[],"class_list":{"0":"post-2192","1":"post","2":"type-post","3":"status-publish","4":"format-standard","6":"category-brasil","7":"category-economia","8":"category-saude-e-vida"},"_links":{"self":[{"href":"https:\/\/migracao.redenoticia.com.br\/noticia\/wp-json\/wp\/v2\/posts\/2192","targetHints":{"allow":["GET"]}}],"collection":[{"href":"https:\/\/migracao.redenoticia.com.br\/noticia\/wp-json\/wp\/v2\/posts"}],"about":[{"href":"https:\/\/migracao.redenoticia.com.br\/noticia\/wp-json\/wp\/v2\/types\/post"}],"author":[{"embeddable":true,"href":"https:\/\/migracao.redenoticia.com.br\/noticia\/wp-json\/wp\/v2\/users\/2"}],"replies":[{"embeddable":true,"href":"https:\/\/migracao.redenoticia.com.br\/noticia\/wp-json\/wp\/v2\/comments?post=2192"}],"version-history":[{"count":0,"href":"https:\/\/migracao.redenoticia.com.br\/noticia\/wp-json\/wp\/v2\/posts\/2192\/revisions"}],"wp:attachment":[{"href":"https:\/\/migracao.redenoticia.com.br\/noticia\/wp-json\/wp\/v2\/media?parent=2192"}],"wp:term":[{"taxonomy":"category","embeddable":true,"href":"https:\/\/migracao.redenoticia.com.br\/noticia\/wp-json\/wp\/v2\/categories?post=2192"},{"taxonomy":"post_tag","embeddable":true,"href":"https:\/\/migracao.redenoticia.com.br\/noticia\/wp-json\/wp\/v2\/tags?post=2192"}],"curies":[{"name":"wp","href":"https:\/\/api.w.org\/{rel}","templated":true}]}}