{"id":219431,"date":"2022-04-30T19:53:56","date_gmt":"2022-04-30T22:53:56","guid":{"rendered":"https:\/\/www.redenoticia.com.br\/noticia\/?p=219431"},"modified":"2022-04-30T20:32:17","modified_gmt":"2022-04-30T23:32:17","slug":"resumo-o-cravo-e-a-rosa-02-05-kiki-chantageia-dinora-mais-uma-vez","status":"publish","type":"post","link":"https:\/\/migracao.redenoticia.com.br\/noticia\/2022\/resumo-o-cravo-e-a-rosa-02-05-kiki-chantageia-dinora-mais-uma-vez\/219431","title":{"rendered":"Resumo &#8220;O Cravo e a Rosa&#8221; 02\/05: Kiki chantageia Dinor\u00e1 mais uma vez"},"content":{"rendered":"<p> <img loading=\"lazy\" decoding=\"async\" src=\"https:\/\/migracao.redenoticia.com.br\/noticia\/imagens\/o-cravo-e-a-rosa-elenco-resumo-sinopse.jpeg\" alt=\"\" width=\"1280\" height=\"720\" class=\"aligncenter size-full wp-image-213217\" srcset=\"https:\/\/migracao.redenoticia.com.br\/noticia\/imagens\/o-cravo-e-a-rosa-elenco-resumo-sinopse.jpeg 1280w, https:\/\/migracao.redenoticia.com.br\/noticia\/imagens\/o-cravo-e-a-rosa-elenco-resumo-sinopse-250x140.jpeg 250w, https:\/\/migracao.redenoticia.com.br\/noticia\/imagens\/o-cravo-e-a-rosa-elenco-resumo-sinopse-400x225.jpeg 400w, https:\/\/migracao.redenoticia.com.br\/noticia\/imagens\/o-cravo-e-a-rosa-elenco-resumo-sinopse-768x432.jpeg 768w, https:\/\/migracao.redenoticia.com.br\/noticia\/imagens\/o-cravo-e-a-rosa-elenco-resumo-sinopse-150x85.jpeg 150w\" sizes=\"auto, (max-width: 1280px) 100vw, 1280px\" \/><\/p>\n<p><em><strong>Resumo da novela &#8220;O Cravo e a Rosa&#8221;<\/strong><\/em> em 02\/05: no cap\u00edtulo 105(*) da novela, Dinor\u00e1 fica deslumbrada com o colar e deixa Corn\u00e9lio dormir no tapete. Marcela sugere que Janu\u00e1rio se candidate a vereador. Berenice conta a Marcela que Joana deu as crian\u00e7as para ado\u00e7\u00e3o. Catarina finge que virou doceira, mas p\u00f5e Buscap\u00e9 para fazer suspiros para Petruchio. Edmundo n\u00e3o sai da cama. Batista fica revoltado ao saber que seus filhos foram adotados e sai correndo, sem dar ouvidos a Marcela. Batista vai \u00e0 casa de Joana e a chama de louca.<\/p>\n<p>Joana reafirma que deu as crian\u00e7as e garante que Batista jamais vai descobrir onde elas est\u00e3o. Petruchio se delicia com os suspiros que Catarina oferece e pensa que s\u00f3 pode ser um milagre. F\u00e1bio pede a Celso que escreva uma carta para B\u00e1rbara dizendo que um parente est\u00e1 doente, pois s\u00f3 assim ele ter\u00e1 liberdade para conquistar Lourdes. Marcela briga com Batista e vai embora ofendida. Joana finge para Berenice que continua sendo sua melhor amiga. Kiki chantageia Dinor\u00e1 mais uma vez: quer o colar de brilhantes.<\/p>\n<p>Teodoro aconselha Batista a fingir que quer se casar com Joana. Teodoro aconselha Batista a fingir querer casar com Joana para conseguir descobrir o paradeiro dos filhos. Batista volta \u00e0 casa de Joana, mas n\u00e3o consegue mentir para ela. Catarina se tranca na cozinha com Buscap\u00e9, que faz um delicioso feij\u00e3o. Neca estranha a habilidade de Catarina. Candoca tenta convencer Edmundo a conversar com Bianca, mas, ao saber do vestido de noiva, ele desiste. Mimosa vigia o namoro de Bianca e Heitor.<\/p>\n<p>(*) edi\u00e7\u00e3o das novelas da Globo, &#8220;O Cravo e a Rosa&#8221;, sujeito a altera\u00e7\u00e3o de data e conte\u00fado.<\/p>\n<p>Sinopse &#8220;O Cravo e a Rosa&#8221;: Catarina Batista \u00e9 uma mulher moderna, na r\u00edgida sociedade paulista da d\u00e9cada de 1920, que recusa o papel feminino de se restringir a lavar ceroulas em um tanque. Juli\u00e3o Petruchio \u00e9 um homem rude, para quem a mulher deve ser a &#8220;rainha do lar&#8221;. Duas pessoas t\u00e3o diferentes vivem um romance contradit\u00f3rio.<\/p>\n<p>Conhecida como &#8216;a fera&#8217;, por botar todos os seus pretendentes para correr, Catarina vai esbarrar na teimosia c\u00ednica de Petruchio que, inicialmente, decide conquist\u00e1-la para, com o dote do casamento, salvar sua fazenda de ser hipotecada. Eles acabam se apaixonando, mas n\u00e3o d\u00e3o o bra\u00e7o a torcer, vivenciando cenas muito bem-humoradas de discuss\u00f5es e brigas vulc\u00e2nicas. Ele fingindo-se de &#8216;cordeirinho&#8217;, e ela cada vez mais furiosa com sua insist\u00eancia.<\/p>\n","protected":false},"excerpt":{"rendered":"<p>Resumo da novela &#8220;O Cravo e a Rosa&#8221; em 02\/05: no cap\u00edtulo 105(*) da novela, Dinor\u00e1 fica deslumbrada com o colar e deixa Corn\u00e9lio dormir no tapete. Marcela sugere que Janu\u00e1rio se candidate a vereador. Berenice conta a Marcela que Joana deu as crian\u00e7as para ado\u00e7\u00e3o. Catarina finge que virou doceira, mas p\u00f5e Buscap\u00e9 para [&hellip;]<\/p>\n","protected":false},"author":2,"featured_media":213218,"comment_status":"closed","ping_status":"closed","sticky":false,"template":"","format":"standard","meta":{"tdm_status":"","tdm_grid_status":"","footnotes":""},"categories":[379,2227,375,2025,343],"tags":[441],"class_list":{"0":"post-219431","1":"post","2":"type-post","3":"status-publish","4":"format-standard","5":"has-post-thumbnail","7":"category-novelas","8":"category-o-cravo-e-a-rosa","9":"category-rede-globo","10":"category-resumo","11":"category-televisao","12":"tag-resumo-do-dia"},"_links":{"self":[{"href":"https:\/\/migracao.redenoticia.com.br\/noticia\/wp-json\/wp\/v2\/posts\/219431","targetHints":{"allow":["GET"]}}],"collection":[{"href":"https:\/\/migracao.redenoticia.com.br\/noticia\/wp-json\/wp\/v2\/posts"}],"about":[{"href":"https:\/\/migracao.redenoticia.com.br\/noticia\/wp-json\/wp\/v2\/types\/post"}],"author":[{"embeddable":true,"href":"https:\/\/migracao.redenoticia.com.br\/noticia\/wp-json\/wp\/v2\/users\/2"}],"replies":[{"embeddable":true,"href":"https:\/\/migracao.redenoticia.com.br\/noticia\/wp-json\/wp\/v2\/comments?post=219431"}],"version-history":[{"count":0,"href":"https:\/\/migracao.redenoticia.com.br\/noticia\/wp-json\/wp\/v2\/posts\/219431\/revisions"}],"wp:featuredmedia":[{"embeddable":true,"href":"https:\/\/migracao.redenoticia.com.br\/noticia\/wp-json\/wp\/v2\/media\/213218"}],"wp:attachment":[{"href":"https:\/\/migracao.redenoticia.com.br\/noticia\/wp-json\/wp\/v2\/media?parent=219431"}],"wp:term":[{"taxonomy":"category","embeddable":true,"href":"https:\/\/migracao.redenoticia.com.br\/noticia\/wp-json\/wp\/v2\/categories?post=219431"},{"taxonomy":"post_tag","embeddable":true,"href":"https:\/\/migracao.redenoticia.com.br\/noticia\/wp-json\/wp\/v2\/tags?post=219431"}],"curies":[{"name":"wp","href":"https:\/\/api.w.org\/{rel}","templated":true}]}}