{"id":219520,"date":"2022-05-03T17:20:42","date_gmt":"2022-05-03T20:20:42","guid":{"rendered":"https:\/\/www.redenoticia.com.br\/noticia\/?p=219520"},"modified":"2022-05-03T17:20:42","modified_gmt":"2022-05-03T20:20:42","slug":"resumo-poliana-moca-04-05-davi-e-sequestrado-e-eugenia-recebe-a-noticia","status":"publish","type":"post","link":"https:\/\/migracao.redenoticia.com.br\/noticia\/2022\/resumo-poliana-moca-04-05-davi-e-sequestrado-e-eugenia-recebe-a-noticia\/219520","title":{"rendered":"Resumo \u201cPoliana Mo\u00e7a\u201d 04\/05: Davi \u00e9 sequestrado e Eug\u00eania recebe a not\u00edcia"},"content":{"rendered":"<p><img loading=\"lazy\" decoding=\"async\" class=\"aligncenter size-full wp-image-217353\" src=\"https:\/\/migracao.redenoticia.com.br\/noticia\/imagens\/poliana_moca_elenco.jpg\" alt=\"\" width=\"1280\" height=\"720\" srcset=\"https:\/\/migracao.redenoticia.com.br\/noticia\/imagens\/poliana_moca_elenco.jpg 1280w, https:\/\/migracao.redenoticia.com.br\/noticia\/imagens\/poliana_moca_elenco-250x140.jpg 250w, https:\/\/migracao.redenoticia.com.br\/noticia\/imagens\/poliana_moca_elenco-400x225.jpg 400w, https:\/\/migracao.redenoticia.com.br\/noticia\/imagens\/poliana_moca_elenco-768x432.jpg 768w, https:\/\/migracao.redenoticia.com.br\/noticia\/imagens\/poliana_moca_elenco-150x84.jpg 150w\" sizes=\"auto, (max-width: 1280px) 100vw, 1280px\" \/><\/p>\n<p><strong><em>Resumo da novela \u201cPoliana Mo\u00e7a\u201d<\/em><\/strong> em 04\/05: no cap\u00edtulo 033(*) da novela, Henrique e Gleyce conversam sobre ci\u00fames. Dona Branca e Ant\u00f4nio d\u00e3o conselhos para Nanci sobre encontros virtuais. Com intuito de esquentar a rela\u00e7\u00e3o, S\u00e9rgio convida Joana para um encontro. Ruth d\u00e1 uma repaginada no visual. Violeta se machuca e n\u00e3o pode ir para o hospital porque est\u00e1 foragida.<\/p>\n<p>Otto conta para S\u00e9rgio os imprevistos com os cristais e pensa em uma solu\u00e7\u00e3o para decifrar o caso. Amigos da faculdade fazem festinha na casa de Vin\u00edcius. Nanci sai para o encontro e gera momentos atrapalhados e divertidos. Davi \u00e9 sequestrado e Eug\u00eania recebe a not\u00edcia.<\/p>\n<p>(*) edi\u00e7\u00e3o das novelas do SBT, \u201cPoliana Mo\u00e7a\u201d, sujeito a altera\u00e7\u00e3o de data e conte\u00fado.<\/p>\n<p>Sinopse \u201cPoliana Mo\u00e7a\u201d: Poliana (Sophia Valverde), agora com 15 anos, precisa enfrentar os dilemas t\u00edpicos da adolesc\u00eancia, como os dramas escolares, os planos para o futuro e a descoberta do amor entre o ex-valent\u00e3o Eric (Lucas Burgatti) e seu melhor amigo Jo\u00e3o (Igor Jansen), encontrando em Helena (Lu\u00edsa Bresser) uma rival no cora\u00e7\u00e3o dos dois.<\/p>\n","protected":false},"excerpt":{"rendered":"<p>Resumo da novela \u201cPoliana Mo\u00e7a\u201d em 04\/05: no cap\u00edtulo 033(*) da novela, Henrique e Gleyce conversam sobre ci\u00fames. Dona Branca e Ant\u00f4nio d\u00e3o conselhos para Nanci sobre encontros virtuais. Com intuito de esquentar a rela\u00e7\u00e3o, S\u00e9rgio convida Joana para um encontro. Ruth d\u00e1 uma repaginada no visual. Violeta se machuca e n\u00e3o pode ir para [&hellip;]<\/p>\n","protected":false},"author":4,"featured_media":217354,"comment_status":"closed","ping_status":"closed","sticky":false,"template":"","format":"standard","meta":{"tdm_status":"","tdm_grid_status":"","footnotes":""},"categories":[379,2259,2025,372,343],"tags":[441],"class_list":{"0":"post-219520","1":"post","2":"type-post","3":"status-publish","4":"format-standard","5":"has-post-thumbnail","7":"category-novelas","8":"category-poliana-moca","9":"category-resumo","10":"category-sbt","11":"category-televisao","12":"tag-resumo-do-dia"},"_links":{"self":[{"href":"https:\/\/migracao.redenoticia.com.br\/noticia\/wp-json\/wp\/v2\/posts\/219520","targetHints":{"allow":["GET"]}}],"collection":[{"href":"https:\/\/migracao.redenoticia.com.br\/noticia\/wp-json\/wp\/v2\/posts"}],"about":[{"href":"https:\/\/migracao.redenoticia.com.br\/noticia\/wp-json\/wp\/v2\/types\/post"}],"author":[{"embeddable":true,"href":"https:\/\/migracao.redenoticia.com.br\/noticia\/wp-json\/wp\/v2\/users\/4"}],"replies":[{"embeddable":true,"href":"https:\/\/migracao.redenoticia.com.br\/noticia\/wp-json\/wp\/v2\/comments?post=219520"}],"version-history":[{"count":0,"href":"https:\/\/migracao.redenoticia.com.br\/noticia\/wp-json\/wp\/v2\/posts\/219520\/revisions"}],"wp:featuredmedia":[{"embeddable":true,"href":"https:\/\/migracao.redenoticia.com.br\/noticia\/wp-json\/wp\/v2\/media\/217354"}],"wp:attachment":[{"href":"https:\/\/migracao.redenoticia.com.br\/noticia\/wp-json\/wp\/v2\/media?parent=219520"}],"wp:term":[{"taxonomy":"category","embeddable":true,"href":"https:\/\/migracao.redenoticia.com.br\/noticia\/wp-json\/wp\/v2\/categories?post=219520"},{"taxonomy":"post_tag","embeddable":true,"href":"https:\/\/migracao.redenoticia.com.br\/noticia\/wp-json\/wp\/v2\/tags?post=219520"}],"curies":[{"name":"wp","href":"https:\/\/api.w.org\/{rel}","templated":true}]}}